{"id":158990,"date":"2025-11-20T16:23:20","date_gmt":"2025-11-20T16:23:20","guid":{"rendered":"https:\/\/www.europesays.com\/pt\/158990\/"},"modified":"2025-11-20T16:23:20","modified_gmt":"2025-11-20T16:23:20","slug":"ryanair-deixa-de-voar-para-os-acores-a-partir-de-marco","status":"publish","type":"post","link":"https:\/\/www.europesays.com\/pt\/158990\/","title":{"rendered":"Ryanair deixa de voar para os A\u00e7ores a partir de mar\u00e7o"},"content":{"rendered":"<p class=\"category\"><a href=\"https:\/\/sicnoticias.pt\/pais\" rel=\"nofollow noopener\" target=\"_blank\">Pa\u00eds<\/a><\/p>\n<p>A companhia a\u00e9rea condena as elevadas taxas aeroportu\u00e1rias acusa o Governo de &#8220;ina\u00e7\u00e3o&#8221;.<\/p>\n<p><img decoding=\"async\" src=\"https:\/\/www.europesays.com\/pt\/wp-content\/uploads\/2025\/11\/1763655800_104_original.webp\" alt=\"Ryanair deixa de voar para os A\u00e7ores a partir de mar\u00e7o\"\/><\/p>\n<p>Armando Franca\/AP Photo<\/p>\n<p><strong>A Ryanair vai encerrar todos os voos para os A\u00e7ores a partir de mar\u00e7o de 2026, alegando as elevadas taxas aeroportu\u00e1rias e &#8220;a ina\u00e7\u00e3o do Governo&#8221;, anunciou esta quinta-feira a companhia a\u00e9rea de baixo custo.<\/strong><\/p>\n<p>A Ryanair anunciou esta quinta-feira &#8220;que ir\u00e1 cancelar todos os voos de\/para os A\u00e7ores a partir de 29 de mar\u00e7o de 2026, devido \u00e0s elevadas taxas aeroportu\u00e1rias (definidas pelo monop\u00f3lio aeroportu\u00e1rio franc\u00eas ANA) e \u00e0 ina\u00e7\u00e3o do Governo portugu\u00eas, que aumentou as taxas de navega\u00e7\u00e3o a\u00e9rea em +120% ap\u00f3s a Covid e introduziu uma taxa de viagem de dois euros, numa altura em que outros Estados da Uni\u00e3o Europeia (UE) est\u00e3o a abolir taxas de viagem para garantir o crescimento de capacidade, que \u00e9 escasso&#8221;.<\/p>\n<p>A ANA &#8211; Aeroportos de Portugal, empresa que gere as infraestruturas aeroportu\u00e1rias em Portugal, \u00e9 detida pelo grupo franc\u00eas Vinci.<\/p>\n<p>A companhia argumenta que &#8220;infelizmente, o monop\u00f3lio da ANA n\u00e3o tem qualquer plano para aumentar a conectividade de baixo custo com os A\u00e7ores&#8221;, acrescentando que a ANA &#8220;n\u00e3o enfrenta concorr\u00eancia em Portugal &#8212; o que lhe permitiu obter lucros monopolistas, aumentando as taxas aeroportu\u00e1rias portuguesas sem qualquer penaliza\u00e7\u00e3o &#8212; numa altura em que aeroportos concorrentes noutros pa\u00edses da UE est\u00e3o a reduzir taxas para estimular o crescimento&#8221;.<\/p>\n<p>A Ryanair defende que o Governo &#8220;deve intervir e garantir&#8221; que os aeroportos nacionais &#8212; &#8220;uma parte cr\u00edtica da infraestrutura nacional, especialmente numa regi\u00e3o insular como os A\u00e7ores &#8212; sirvam para beneficiar o povo portugu\u00eas e n\u00e3o um monop\u00f3lio aeroportu\u00e1rio franc\u00eas&#8221;.<\/p>\n","protected":false},"excerpt":{"rendered":"Pa\u00eds A companhia a\u00e9rea condena as elevadas taxas aeroportu\u00e1rias acusa o Governo de &#8220;ina\u00e7\u00e3o&#8221;. Armando Franca\/AP Photo A&hellip;\n","protected":false},"author":2,"featured_media":158991,"comment_status":"","ping_status":"","sticky":false,"template":"","format":"standard","meta":{"footnotes":""},"categories":[8],"tags":[27,28,15,16,14,25,26,21,22,12,13,19,20,32,23,24,33,17,18,29,30,31],"class_list":{"0":"post-158990","1":"post","2":"type-post","3":"status-publish","4":"format-standard","5":"has-post-thumbnail","7":"category-principais-noticias","8":"tag-breaking-news","9":"tag-breakingnews","10":"tag-featured-news","11":"tag-featurednews","12":"tag-headlines","13":"tag-latest-news","14":"tag-latestnews","15":"tag-main-news","16":"tag-mainnews","17":"tag-news","18":"tag-noticias","19":"tag-noticias-principais","20":"tag-noticiasprincipais","21":"tag-portugal","22":"tag-principais-noticias","23":"tag-principaisnoticias","24":"tag-pt","25":"tag-top-stories","26":"tag-topstories","27":"tag-ultimas","28":"tag-ultimas-noticias","29":"tag-ultimasnoticias"},"share_on_mastodon":{"url":"https:\/\/pubeurope.com\/@pt\/115582953588695261","error":""},"_links":{"self":[{"href":"https:\/\/www.europesays.com\/pt\/wp-json\/wp\/v2\/posts\/158990","targetHints":{"allow":["GET"]}}],"collection":[{"href":"https:\/\/www.europesays.com\/pt\/wp-json\/wp\/v2\/posts"}],"about":[{"href":"https:\/\/www.europesays.com\/pt\/wp-json\/wp\/v2\/types\/post"}],"author":[{"embeddable":true,"href":"https:\/\/www.europesays.com\/pt\/wp-json\/wp\/v2\/users\/2"}],"replies":[{"embeddable":true,"href":"https:\/\/www.europesays.com\/pt\/wp-json\/wp\/v2\/comments?post=158990"}],"version-history":[{"count":0,"href":"https:\/\/www.europesays.com\/pt\/wp-json\/wp\/v2\/posts\/158990\/revisions"}],"wp:featuredmedia":[{"embeddable":true,"href":"https:\/\/www.europesays.com\/pt\/wp-json\/wp\/v2\/media\/158991"}],"wp:attachment":[{"href":"https:\/\/www.europesays.com\/pt\/wp-json\/wp\/v2\/media?parent=158990"}],"wp:term":[{"taxonomy":"category","embeddable":true,"href":"https:\/\/www.europesays.com\/pt\/wp-json\/wp\/v2\/categories?post=158990"},{"taxonomy":"post_tag","embeddable":true,"href":"https:\/\/www.europesays.com\/pt\/wp-json\/wp\/v2\/tags?post=158990"}],"curies":[{"name":"wp","href":"https:\/\/api.w.org\/{rel}","templated":true}]}}