{"id":158999,"date":"2025-11-20T16:35:40","date_gmt":"2025-11-20T16:35:40","guid":{"rendered":"https:\/\/www.europesays.com\/pt\/158999\/"},"modified":"2025-11-20T16:35:40","modified_gmt":"2025-11-20T16:35:40","slug":"ganho-840e-de-pensao-e-pago-1-200e-de-renda-reformada-faz-isto-todos-os-meses-para-juntar-os-360e-que-faltam","status":"publish","type":"post","link":"https:\/\/www.europesays.com\/pt\/158999\/","title":{"rendered":"&#8220;Ganho 840\u20ac de pens\u00e3o e pago 1.200\u20ac de renda&#8221;: reformada faz isto todos os meses para juntar os 360\u20ac que faltam"},"content":{"rendered":"<p><strong>A dificuldade em equilibrar uma pens\u00e3o baixa com rendas em n\u00edveis hist\u00f3ricos \u00e9 o centro do testemunho de Maria Teresa, vi\u00fava de 80 anos, que descreve como consegue pagar 1.200 euros de renda em Espanha, apesar de receber apenas 840 euros por m\u00eas. De acordo com o jornal espanhol La Raz\u00f3n, a subida cont\u00ednua dos pre\u00e7os do arrendamento deixou muitos pensionistas dependentes de solu\u00e7\u00f5es alternativas para garantir o acesso a uma habita\u00e7\u00e3o.<\/strong><\/p>\n<p>A publica\u00e7\u00e3o explica que os valores m\u00e9dios do arrendamento t\u00eam vindo a aumentar, situando-se em outubro nos 14,5 euros por metro quadrado, quase 11% acima do registado no mesmo per\u00edodo do ano anterior. <\/p>\n<p class=\"has-medium-font-size\"><strong>Pensionistas sem casa pr\u00f3pria est\u00e3o vulner\u00e1veis<\/strong><\/p>\n<p>Neste contexto, os pensionistas sem casa pr\u00f3pria enfrentam especial vulnerabilidade, recorrendo muitas vezes a formas complementares de rendimento. \u00c9 neste enquadramento que Maria Teresa relata o m\u00e9todo que lhe permite enfrentar o m\u00eas: acolhe duas estudantes universit\u00e1rias no seu apartamento para obter o montante que falta para pagar a renda.<\/p>\n<p>Refere a mesma fonte que a pensionista admite que esta conviv\u00eancia di\u00e1ria pode ser dif\u00edcil devido \u00e0 diferen\u00e7a de idades, mas assume que, sem essa ajuda, n\u00e3o conseguiria assegurar o valor necess\u00e1rio. Numa entrevista ao canal de Youtube JIRE4, contou que aceitou expor o seu caso para alertar para a aus\u00eancia de enquadramento legal que permita a pessoas da sua idade arrendar quartos com seguran\u00e7a. \u201cGanho 840 euros de pens\u00e3o e pago 1.200 euros de renda\u201d, lamenta.<\/p>\n<p class=\"has-medium-font-size\"><strong>Rotina mensal e impacto no or\u00e7amento<\/strong><\/p>\n<p>Maria Teresa detalha o c\u00e1lculo que determina os seus rendimentos: soma a pens\u00e3o de viuvez e a de reforma, totalizando 840 euros, valor que considera insuficiente para viver de forma est\u00e1vel. Explica na mesma entrevista que a pens\u00e3o de viuvez n\u00e3o equivale \u00e0 totalidade da pens\u00e3o do marido, o que agrava a dificuldade de equilibrar despesas fixas e custos do dia a dia. Sem outras entradas financeiras, admite que n\u00e3o teria forma de cobrir o essencial.<\/p>\n<p>Escreve o jornal que as limita\u00e7\u00f5es n\u00e3o se resumem ao pagamento da renda. A pensionista afirma que teve de adaptar a alimenta\u00e7\u00e3o, eliminando alguns produtos por falta de or\u00e7amento. Destaca a subida do pre\u00e7o da comida. \u201cDeixei de comer peixe\u201d, refere. Mesmo assim, mant\u00e9m uma \u00fanica atividade regular: aulas de aquagym num gin\u00e1sio, por 15 euros mensais, gra\u00e7as a um apoio que reduz o custo.<\/p>\n<p class=\"has-medium-font-size\"><strong>Mem\u00f3rias do passado e alertas para o futuro<\/strong><\/p>\n<p>Citada pelo jornal <a href=\"https:\/\/www.larazon.es\/\" target=\"_blank\" rel=\"noreferrer noopener nofollow\">La Raz\u00f3n<\/a>, Maria Teresa compara o presente com d\u00e9cadas anteriores, referindo que as dificuldades econ\u00f3micas atingiam sobretudo quem n\u00e3o tinha rendimentos familiares est\u00e1veis. Recorda ainda o efeito da sua baixa taxa de contribui\u00e7\u00e3o para a seguran\u00e7a social. <\/p>\n<p>Come\u00e7ou a trabalhar aos 17 anos e, conforme explica, a pr\u00e1tica comum na \u00e9poca levava muitos trabalhadores a privilegiar um sal\u00e1rio ligeiramente superior, mesmo que isso implicasse n\u00e3o estarem inscritos legalmente. Por essa raz\u00e3o, acumulou apenas 11 anos de descontos registados.<\/p>\n<p><strong>Leia tamb\u00e9m: <a href=\"https:\/\/postal.pt\/nacional\/invasao-polar-chega-a-portugal-este-vai-ser-o-dia-mais-frio-e-os-7oc-nao-serao-o-unico-problema-para-estas-regioes\/#goog_rewarded\" rel=\"nofollow noopener\" target=\"_blank\">\u2018Invas\u00e3o polar\u2019 chega a Portugal: este vai ser o dia mais frio e os -7\u00baC n\u00e3o ser\u00e3o o \u00fanico problema para estas regi\u00f5es<\/a><\/strong><\/p>\n","protected":false},"excerpt":{"rendered":"A dificuldade em equilibrar uma pens\u00e3o baixa com rendas em n\u00edveis hist\u00f3ricos \u00e9 o centro do testemunho de&hellip;\n","protected":false},"author":2,"featured_media":159000,"comment_status":"","ping_status":"","sticky":false,"template":"","format":"standard","meta":{"footnotes":""},"categories":[50],"tags":[27,28,15,16,14,25,26,21,22,62,12,13,19,20,23,24,17,18,29,30,31,63,64,65],"class_list":{"0":"post-158999","1":"post","2":"type-post","3":"status-publish","4":"format-standard","5":"has-post-thumbnail","7":"category-mundo","8":"tag-breaking-news","9":"tag-breakingnews","10":"tag-featured-news","11":"tag-featurednews","12":"tag-headlines","13":"tag-latest-news","14":"tag-latestnews","15":"tag-main-news","16":"tag-mainnews","17":"tag-mundo","18":"tag-news","19":"tag-noticias","20":"tag-noticias-principais","21":"tag-noticiasprincipais","22":"tag-principais-noticias","23":"tag-principaisnoticias","24":"tag-top-stories","25":"tag-topstories","26":"tag-ultimas","27":"tag-ultimas-noticias","28":"tag-ultimasnoticias","29":"tag-world","30":"tag-world-news","31":"tag-worldnews"},"share_on_mastodon":{"url":"https:\/\/pubeurope.com\/@pt\/115583000436523142","error":""},"_links":{"self":[{"href":"https:\/\/www.europesays.com\/pt\/wp-json\/wp\/v2\/posts\/158999","targetHints":{"allow":["GET"]}}],"collection":[{"href":"https:\/\/www.europesays.com\/pt\/wp-json\/wp\/v2\/posts"}],"about":[{"href":"https:\/\/www.europesays.com\/pt\/wp-json\/wp\/v2\/types\/post"}],"author":[{"embeddable":true,"href":"https:\/\/www.europesays.com\/pt\/wp-json\/wp\/v2\/users\/2"}],"replies":[{"embeddable":true,"href":"https:\/\/www.europesays.com\/pt\/wp-json\/wp\/v2\/comments?post=158999"}],"version-history":[{"count":0,"href":"https:\/\/www.europesays.com\/pt\/wp-json\/wp\/v2\/posts\/158999\/revisions"}],"wp:featuredmedia":[{"embeddable":true,"href":"https:\/\/www.europesays.com\/pt\/wp-json\/wp\/v2\/media\/159000"}],"wp:attachment":[{"href":"https:\/\/www.europesays.com\/pt\/wp-json\/wp\/v2\/media?parent=158999"}],"wp:term":[{"taxonomy":"category","embeddable":true,"href":"https:\/\/www.europesays.com\/pt\/wp-json\/wp\/v2\/categories?post=158999"},{"taxonomy":"post_tag","embeddable":true,"href":"https:\/\/www.europesays.com\/pt\/wp-json\/wp\/v2\/tags?post=158999"}],"curies":[{"name":"wp","href":"https:\/\/api.w.org\/{rel}","templated":true}]}}