{"id":15900,"date":"2025-08-04T17:34:07","date_gmt":"2025-08-04T17:34:07","guid":{"rendered":"https:\/\/www.europesays.com\/pt\/15900\/"},"modified":"2025-08-04T17:34:07","modified_gmt":"2025-08-04T17:34:07","slug":"por-que-paulo-coelho-nao-escreveria-livro-sobre-relacao-com-raul-seixas","status":"publish","type":"post","link":"https:\/\/www.europesays.com\/pt\/15900\/","title":{"rendered":"Por que Paulo Coelho n\u00e3o escreveria livro sobre rela\u00e7\u00e3o com Raul Seixas"},"content":{"rendered":"<p>A rela\u00e7\u00e3o entre <a href=\"https:\/\/rollingstone.uol.com.br\/tags\/raul-seixas\" rel=\"noopener nofollow\" target=\"_blank\"><strong>Raul Seixas<\/strong><\/a> e <a href=\"https:\/\/rollingstone.uol.com.br\/tags\/paulo-coelho\" rel=\"noopener nofollow\" target=\"_blank\"><strong>Paulo Coelho<\/strong><\/a> voltou a gerar interesse e ser tema de an\u00e1lises e debates a partir da rec\u00e9m-lan\u00e7ada s\u00e9rie <a href=\"https:\/\/rollingstone.uol.com.br\/musica\/nova-serie-raul-seixas-eu-sou-tem-inicio-arrastado-falho-e-caricato\/\" rel=\"noopener nofollow\" target=\"_blank\"><strong>Raul Seixas: Eu Sou<\/strong><\/a> (2025). Na obra, dispon\u00edvel no <strong>Globoplay<\/strong>, a parceria entre eles na d\u00e9cada de 1970 \u00e9 um dos t\u00f3picos abordados e se mostra fundamental para o desenvolvimento da trama.<\/p>\n<p>A conviv\u00eancia entre os dois, a parceria musical e a devo\u00e7\u00e3o \u00e0 doutrina de <strong>Thelema<\/strong>, do ocultista ingl\u00eas <strong>Aleister Crowley<\/strong>, certamente instingam a curiosidade dos f\u00e3s e dariam um bom livro, sobretudo se escrito por Paulo, que viu e viveu tudo em primeira pessoa. No entanto, isso n\u00e3o passa mais pela cabe\u00e7a dele.<\/p>\n<p>Em entrevista a <strong>Edgardo Martolio<\/strong> e <strong>Luis Maluf<\/strong>, da <a href=\"https:\/\/rollingstone.uol.com.br\/noticia\/paulo-coelho-o-que-matou-raul-seixas-e-a-unica-droga-liberada-o-alcool\/\" rel=\"noopener nofollow\" target=\"_blank\"><strong>Rolling Stone Brasil<\/strong><\/a>, o escritor contou que at\u00e9 j\u00e1 planejou fazer um livro sobre sua hist\u00f3ria com Raul. Por\u00e9m, acabou engavetando a ideia.<\/p>\n<p>Paulo nega que tal projeto possa ser retomado:<\/p>\n<blockquote class=\"citacao\"><p>&#8220;N\u00e3o, hoje nem pensar. Comecei. J\u00e1 faz muitos anos. Vou para a casa do Raul e no caminho sou abordado dentro do \u00f4nibus pela pol\u00edcia, que pede documentos de todo mundo. E fui escrevendo. A\u00ed <strong>Cristina<\/strong> (<strong>Oiticica<\/strong>, esposa) disse: &#8216;N\u00e3o \u00e9 bom voc\u00ea lan\u00e7ar esse livro&#8217;.&#8221;<\/p><\/blockquote>\n<p>Por que n\u00e3o seria bom? Ele explica:<\/p>\n<blockquote class=\"citacao\"><p>&#8220;Porque \u00e9 um livro que estimulava um pouco essa coisa da autodestrui\u00e7\u00e3o. Hoje est\u00e1 tudo bem, o Raul \u00e9 o mito que ele \u00e9. Mas compensou? N\u00e3o sei.&#8221;<\/p><\/blockquote>\n<p>Hist\u00f3ria n\u00e3o poderia ser suavizada<\/p>\n<p>Questionado se seria poss\u00edvel amenizar alguns pontos da hist\u00f3ria de Raul Seixas \u2014 principalmente o envolvimento com bebida e drogas &#8211; para tornar o livro vi\u00e1vel, Paulo recha\u00e7ou a ideia:<\/p>\n<blockquote class=\"citacao\"><p>&#8220;A\u00ed n\u00e3o d\u00e1. Ou a gente escreve, ou n\u00e3o escreve. N\u00e3o d\u00e1 para suavizar, sabe?&#8221;<\/p><\/blockquote>\n<p>Paulo Coelho e Raul Seixas<\/p>\n<p>Nos anos 1970, Paulo Coelho e Raul Seixas protagonizaram uma grande parceria e coescreveram algumas das m\u00fasicas mais famosas do rock nacional, como <strong>&#8220;Eu Nasci H\u00e1 Dez Mil Anos Atr\u00e1s&#8221;<\/strong>, <strong>&#8220;Medo da Chuva&#8221;<\/strong>, <strong>&#8220;Sociedade Alternativa&#8221;<\/strong>, <strong>&#8220;Tente Outra Vez&#8221;<\/strong> e <strong>&#8220;G\u00eet\u00e2&#8221;<\/strong>.<\/p>\n<p>Essa efervesc\u00eancia criativa \u00e9 um dos temas da s\u00e9rie <strong>Raul Seixas: Eu sou<\/strong>, que estreou no dia 26 de junho, direto no streaming. Estrelado por <a href=\"https:\/\/rollingstone.uol.com.br\/tags\/Ravel-Andrade\" rel=\"noopener nofollow\" target=\"_blank\"><strong>Ravel Andrade<\/strong><\/a>, o seriado conta com oito epis\u00f3dios e percorre as d\u00e9cadas de 1970 e 1980, per\u00edodo mais intenso da carreira de Raul.<\/p>\n<p><strong>+++ LEIA MAIS: <a href=\"https:\/\/rollingstone.uol.com.br\/entretenimento\/o-unico-erro-historico-da-serie-de-raul-seixas-segundo-paulo-coelho\/\" rel=\"noopener nofollow\" target=\"_blank\">O \u00fanico erro hist\u00f3rico da s\u00e9rie de Raul Seixas, segundo Paulo Coelho<\/a><\/strong><br \/><strong>+++ LEIA MAIS: <a href=\"https:\/\/rollingstone.uol.com.br\/entretenimento\/o-suposto-encontro-entre-raul-seixas-e-john-lennon-em-nova-york-aconteceu\/\" rel=\"noopener nofollow\" target=\"_blank\">O suposto encontro entre Raul Seixas e John Lennon em Nova York aconteceu?<\/a><\/strong><br \/><strong>+++ LEIA MAIS: <a href=\"https:\/\/rollingstone.uol.com.br\/musica\/musicas-de-raul-seixas-rendem-muita-grana-para-paulo-coelho-ele-responde\/\" rel=\"noopener nofollow\" target=\"_blank\">M\u00fasicas de Raul Seixas rendem muita grana para Paulo Coelho? Ele responde<\/a><\/strong><\/p>\n","protected":false},"excerpt":{"rendered":"A rela\u00e7\u00e3o entre Raul Seixas e Paulo Coelho voltou a gerar interesse e ser tema de an\u00e1lises e&hellip;\n","protected":false},"author":2,"featured_media":15901,"comment_status":"","ping_status":"","sticky":false,"template":"","format":"standard","meta":{"footnotes":""},"categories":[143],"tags":[169,114,115,170,6234,32,33,6233],"class_list":{"0":"post-15900","1":"post","2":"type-post","3":"status-publish","4":"format-standard","5":"has-post-thumbnail","7":"category-livros","8":"tag-books","9":"tag-entertainment","10":"tag-entretenimento","11":"tag-livros","12":"tag-paulo-coellho","13":"tag-portugal","14":"tag-pt","15":"tag-raul-seixas"},"share_on_mastodon":{"url":"","error":""},"_links":{"self":[{"href":"https:\/\/www.europesays.com\/pt\/wp-json\/wp\/v2\/posts\/15900","targetHints":{"allow":["GET"]}}],"collection":[{"href":"https:\/\/www.europesays.com\/pt\/wp-json\/wp\/v2\/posts"}],"about":[{"href":"https:\/\/www.europesays.com\/pt\/wp-json\/wp\/v2\/types\/post"}],"author":[{"embeddable":true,"href":"https:\/\/www.europesays.com\/pt\/wp-json\/wp\/v2\/users\/2"}],"replies":[{"embeddable":true,"href":"https:\/\/www.europesays.com\/pt\/wp-json\/wp\/v2\/comments?post=15900"}],"version-history":[{"count":0,"href":"https:\/\/www.europesays.com\/pt\/wp-json\/wp\/v2\/posts\/15900\/revisions"}],"wp:featuredmedia":[{"embeddable":true,"href":"https:\/\/www.europesays.com\/pt\/wp-json\/wp\/v2\/media\/15901"}],"wp:attachment":[{"href":"https:\/\/www.europesays.com\/pt\/wp-json\/wp\/v2\/media?parent=15900"}],"wp:term":[{"taxonomy":"category","embeddable":true,"href":"https:\/\/www.europesays.com\/pt\/wp-json\/wp\/v2\/categories?post=15900"},{"taxonomy":"post_tag","embeddable":true,"href":"https:\/\/www.europesays.com\/pt\/wp-json\/wp\/v2\/tags?post=15900"}],"curies":[{"name":"wp","href":"https:\/\/api.w.org\/{rel}","templated":true}]}}