{"id":159005,"date":"2025-11-20T16:41:08","date_gmt":"2025-11-20T16:41:08","guid":{"rendered":"https:\/\/www.europesays.com\/pt\/159005\/"},"modified":"2025-11-20T16:41:08","modified_gmt":"2025-11-20T16:41:08","slug":"segredo-familiar-desvendado-pedro-emociona-ao-expor-a-luta-da-mae-contra-um-tumor-secret-story","status":"publish","type":"post","link":"https:\/\/www.europesays.com\/pt\/159005\/","title":{"rendered":"Segredo familiar desvendado: Pedro emociona ao expor a luta da m\u00e3e contra um tumor &#8211; Secret Story"},"content":{"rendered":"<p>No<strong> <a href=\"https:\/\/tvi.iol.pt\/secretstory\/videos\" rel=\"nofollow noopener\" target=\"_blank\">Secret Story 9<\/a>, Pedro \u00e9 muito reservado no que toca \u00e0 sua vida privada<\/strong>, principalmente porque quer proteger a todo o custo os segredos que esconde com a <a href=\"https:\/\/tvi.iol.pt\/secretstory\/fotos\/beijos-as-escondidas-e-piropos-atrevidos-as-imagens-calientes-da-noite-de-pedro-e-marisa\/691ee76ed34e3caad84b7b3e\" rel=\"nofollow noopener\" target=\"_blank\">mulher, <strong>Marisa<\/strong>.<\/a> Por\u00e9m, abriu uma exce\u00e7\u00e3o numa din\u00e2mica da casa, em que revelou que a m\u00e3e enfrentou um tumor.<\/p>\n<p>A atividade foi proposta pela Voz na passada ter\u00e7a-feira, 18 de novembro, onde todos os concorrentes revelaram hist\u00f3rias por detr\u00e1s das suas cicatrizes.\u00a0<a href=\"https:\/\/tvi.iol.pt\/secretstory\/noticias\" rel=\"nofollow noopener\" target=\"_blank\">Pedro falou sobre a m\u00e3e,<\/a><strong> Regina Geraldes,<\/strong> e revelou que esta enfrentou um momento muito fr\u00e1gil de sa\u00fade, numa altura em que estava emigrada.<\/p>\n<p>\u00ab<strong>Recebi uma chamada da minha m\u00e3e a dizer que lhe tinha aparecido um pequeno tumor no peito.<\/strong> Foi o momento mais dif\u00edcil da minha vida, porque ela sempre batalhou para que n\u00e3o falhasse nada \u00e0 nossa fam\u00edlia. Ela sozinha, sem a nossa ajuda&#8230; Passou por tudo sozinha. Passa por tudo sozinha. E isso custa-me bastante\u00bb, contou Pedro, de l\u00e1grimas nos olhos<\/p>\n<p>E acrescentou: \u00abFelizmente, fez a opera\u00e7\u00e3o e est\u00e1 tudo bem. Est\u00e1 controlado.\u00bb\u00a0 Pedro n\u00e3o escondeu a admira\u00e7\u00e3o que tem pela m\u00e3e. \u00abSempre fez tudo para que n\u00e3o faltasse nada \u00e0 nossa fam\u00edlia. Para mim, a minha m\u00e3e \u00e9 tudo. <strong>Foi uma mulher guerreira e tem todo o valor<\/strong>\u00bb, refor\u00e7ou.<\/p>\n","protected":false},"excerpt":{"rendered":"No Secret Story 9, Pedro \u00e9 muito reservado no que toca \u00e0 sua vida privada, principalmente porque quer&hellip;\n","protected":false},"author":2,"featured_media":159006,"comment_status":"","ping_status":"","sticky":false,"template":"","format":"standard","meta":{"footnotes":""},"categories":[142],"tags":[114,115,8204,18800,14646,32,33,151,162,18801],"class_list":{"0":"post-159005","1":"post","2":"type-post","3":"status-publish","4":"format-standard","5":"has-post-thumbnail","7":"category-tv","8":"tag-entertainment","9":"tag-entretenimento","10":"tag-mae","11":"tag-momentos-virais-secret-story","12":"tag-pedro","13":"tag-portugal","14":"tag-pt","15":"tag-tv","16":"tag-tvi","17":"tag-videos-virais-concorrentes"},"share_on_mastodon":{"url":"https:\/\/pubeurope.com\/@pt\/115583024058424544","error":""},"_links":{"self":[{"href":"https:\/\/www.europesays.com\/pt\/wp-json\/wp\/v2\/posts\/159005","targetHints":{"allow":["GET"]}}],"collection":[{"href":"https:\/\/www.europesays.com\/pt\/wp-json\/wp\/v2\/posts"}],"about":[{"href":"https:\/\/www.europesays.com\/pt\/wp-json\/wp\/v2\/types\/post"}],"author":[{"embeddable":true,"href":"https:\/\/www.europesays.com\/pt\/wp-json\/wp\/v2\/users\/2"}],"replies":[{"embeddable":true,"href":"https:\/\/www.europesays.com\/pt\/wp-json\/wp\/v2\/comments?post=159005"}],"version-history":[{"count":0,"href":"https:\/\/www.europesays.com\/pt\/wp-json\/wp\/v2\/posts\/159005\/revisions"}],"wp:featuredmedia":[{"embeddable":true,"href":"https:\/\/www.europesays.com\/pt\/wp-json\/wp\/v2\/media\/159006"}],"wp:attachment":[{"href":"https:\/\/www.europesays.com\/pt\/wp-json\/wp\/v2\/media?parent=159005"}],"wp:term":[{"taxonomy":"category","embeddable":true,"href":"https:\/\/www.europesays.com\/pt\/wp-json\/wp\/v2\/categories?post=159005"},{"taxonomy":"post_tag","embeddable":true,"href":"https:\/\/www.europesays.com\/pt\/wp-json\/wp\/v2\/tags?post=159005"}],"curies":[{"name":"wp","href":"https:\/\/api.w.org\/{rel}","templated":true}]}}