{"id":159011,"date":"2025-11-20T16:49:28","date_gmt":"2025-11-20T16:49:28","guid":{"rendered":"https:\/\/www.europesays.com\/pt\/159011\/"},"modified":"2025-11-20T16:49:28","modified_gmt":"2025-11-20T16:49:28","slug":"es-uma-pessoa-terrivel-e-porquinha-trump-mudou-os-limites","status":"publish","type":"post","link":"https:\/\/www.europesays.com\/pt\/159011\/","title":{"rendered":"&#8220;\u00c9s uma pessoa terr\u00edvel&#8221; e &#8220;porquinha&#8221;: Trump mudou os limites"},"content":{"rendered":"<p class=\"wp-caption-text top\">Nathan Howard \/ EPA<\/p>\n<p><img decoding=\"async\" loading=\"lazy\" class=\"size-kopa-image-size-3 wp-image-712348\" src=\"https:\/\/www.europesays.com\/pt\/wp-content\/uploads\/2025\/11\/25bdd17b3ecaadd750d6e9c3d80a1362-783x450.jpg\" alt=\"\" width=\"700\" height=\"402\"  \/><\/p>\n<p class=\"wp-caption-text bot\">Mohammed bin Salman e Donald Trump<\/p>\n<p><strong>Trump iliba pr\u00edncipe saudita da morte de jornalista. \u201cH\u00e1 coisas que acontecem\u201d. Palavras dirigidas a jornalista foram duras.<\/strong><\/p>\n<p>\u00c9 um dos encontros mais medi\u00e1ticos na Casa Branca nos \u00faltimos tempos. No actual mandato de <strong>Donald Trump,<\/strong> s\u00f3 deve ser superado pelo encontro com Volodymyr Zelenskyy, presidente da Ucr\u00e2nia.<\/p>\n<p>N\u00e3o, n\u00e3o \u00e9 Cristiano Ronaldo: \u00e9<strong> Mohammed bin Salman<\/strong>, pr\u00edncipe herdeiro da Ar\u00e1bia Saudita, que esteve com o presidente dos EUA nesta ter\u00e7a-feira.<\/p>\n<p>A sua presen\u00e7a na Casa Branca foi muito comentada \u2013 e contestada \u2013 porque os servi\u00e7os secretos dos EUA, quando investigaram o <strong>homic\u00eddio<\/strong> de Jamal Khashoggi <strong>(jornalista<\/strong> cr\u00edtico da lideran\u00e7a da Ar\u00e1bia Saudita), conclu\u00edram que <strong>Mohammed bin Salman aprovou a sua captura ou mesmo a sua morte<\/strong>.<\/p>\n<p>\u201cO pr\u00edncipe herdeiro considerava Khashoggi uma amea\u00e7a ao Reino e apoiava amplamente o uso de medidas violentas, se fosse necess\u00e1rio, para o silenciar\u201d, l\u00ea-se no <a href=\"https:\/\/www.dni.gov\/files\/ODNI\/documents\/assessments\/Assessment-Saudi-Gov-Role-in-JK-Death-20210226v2.pdf\" data-wpel-link=\"external\" target=\"_blank\" rel=\"nofollow external noopener noreferrer\" class=\"ext-link\">comunicado<\/a> publicado em 2021.<\/p>\n<p>O pr\u00edncipe negou envolvimento na opera\u00e7\u00e3o, mas reconheceu que, enquanto governante, tinha responsabilidades.<\/p>\n<p>Donald Trump foi questionado sobre esse assunto e assegurou que o pr\u00edncipe herdeiro nada sabia: \u201cMuita gente n\u00e3o gostava desse senhor de quem est\u00e1 a falar, quer gostasse ou n\u00e3o dele. <strong>As coisas acontecem, mas ele n\u00e3o sabia de nada<\/strong>, e podemos ficar por aqui\u201d.<\/p>\n<p>\u201c\u00c9s uma pessoa terr\u00edvel\u201d<\/p>\n<p>Mas n\u00e3o foi esse o foco deste encontro com jornalistas, na Casa Branca.<\/p>\n<p>O momento visivelmente mais tenso foi com <strong>Mary Bruce,<\/strong> a jornalista da <a href=\"https:\/\/abcnews.go.com\/Politics\/saudi-crown-prince-marks-return-us-after-7\/story?id=127594469\" data-wpel-link=\"external\" target=\"_blank\" rel=\"nofollow external noopener noreferrer\" class=\"ext-link\">ABC<\/a> que fez as perguntas indesejadas.<\/p>\n<p>Primeiro a Trump: \u201cSer\u00e1 apropriado que a sua fam\u00edlia tenha neg\u00f3cios na Ar\u00e1bia Saudita enquanto o senhor \u00e9 presidente? N\u00e3o ser\u00e1 isso um conflito de interesses?\u201d.<\/p>\n<p>Logo a seguir a bin Salman: \u201cOs servi\u00e7os secretos dos EUA conclu\u00edram que o senhor orquestrou o brutal assassinato de um jornalista \u2014 as fam\u00edlias das v\u00edtimas do 11 de Setembro est\u00e3o furiosas porque o senhor est\u00e1 aqui na Sala Oval. Por que raz\u00e3o os americanos deveriam confiar no senhor? E o mesmo vale para o senhor, senhor presidente\u201d.<\/p>\n<p>Donald Trump n\u00e3o gostou do que ouviu. Perguntou \u00e0 jornalista qual \u00e9 o \u00f3rg\u00e3o de comunica\u00e7\u00e3o social para o qual trabalha. Quando ouviu que era ABC News: <strong>\u201cNot\u00edcias falsas.<\/strong> ABC \u00e9 s\u00f3 not\u00edcias falsas, uma das piores no neg\u00f3cio\u201d.<\/p>\n<blockquote class=\"twitter-tweet\" data-media-max-width=\"560\">\n<p dir=\"ltr\" lang=\"en\">\ud83d\udea8WOW! An ABC Reporter just CLOBBERED Trump And the Saudi Crown Prince with TWO of the best questions.<\/p>\n<p>Please name this journalist so we can all nominate her for the Pulitzer Prize! <a href=\"https:\/\/t.co\/fb8WkfSYJE\" data-wpel-link=\"external\" target=\"_blank\" rel=\"nofollow external noopener noreferrer\" class=\"ext-link\">pic.twitter.com\/fb8WkfSYJE<\/a><\/p>\n<p>\u2014 CALL TO ACTIVISM (@CalltoActivism) <a href=\"https:\/\/twitter.com\/CalltoActivism\/status\/1990850815678951749?ref_src=twsrc%5Etfw\" data-wpel-link=\"external\" target=\"_blank\" rel=\"nofollow external noopener noreferrer\" class=\"ext-link\">November 18, 2025<\/a><\/p>\n<\/blockquote>\n<p>Pelo meio, respondeu \u00e0s perguntas: assegurou que nada tinha a ver com os neg\u00f3cios da sua fam\u00edlia e, sobre o alegado envolvimento do pr\u00edncipe na morte do jornalista, apontou: \u201c<strong>N\u00e3o precisa de deixar o nosso convidado constrangido<\/strong>, fazendo uma pergunta como essa. Este senhor (Mohammed bin Salman) fez um trabalho fenomenal\u201d.<\/p>\n<p>Mas a disputa a dois ainda n\u00e3o tinha terminado.<\/p>\n<p>A jornalista Mary Bruce voltou a fazer uma pergunta: \u201cSenhor presidente, porqu\u00ea esperar que o Congresso divulgue os <a href=\"https:\/\/zap.aeiou.pt\/trump-epstein-votacao-divulgacao-711878\" data-wpel-link=\"internal\" rel=\"nofollow noopener\" target=\"_blank\">ficheiros Epstein<\/a>? Porque n\u00e3o faz\u00ea-lo agora?\u201d<\/p>\n<p>A\u00ed, Donald Trump ficou ainda mais irritado: \u201cN\u00e3o \u00e9 a pergunta em si que me incomoda, mas sim a sua atitude. Acho que \u00e9 uma p\u00e9ssima jornalista. \u00c9 a forma como faz estas perguntas. Come\u00e7a com um homem que \u00e9 muito respeitado, fazendo-lhe uma pergunta horr\u00edvel, insubordinada e simplesmente terr\u00edvel. E voc\u00ea at\u00e9 poderia fazer exactamente a mesma pergunta, mas de uma forma educada. Est\u00e1 toda entusiasmada. Algu\u00e9m l\u00e1 na ABC influenciou. Vai continuar a entusiasmar-se. <strong>\u00c9 uma pessoa terr\u00edvel e uma jornalista terr\u00edvel<\/strong>\u201d.<\/p>\n<p>Em rela\u00e7\u00e3o a Jeffrey Epstein: \u201cN\u00e3o tenho nada a ver com isso. Expulsei-o do meu clube h\u00e1 muitos anos porque o considerava um doente pervertido. Mas acho que tinha raz\u00e3o. Mas sabem quem tem algo a ver com ele? Bill Clinton. Larry Summers, que dirigia Harvard, estava com ele todas as noites, todos os fins de semana. Viviam juntos. Foram \u00e0 ilha dele muitas vezes. Nunca fui\u2026 Continuem a falar sobre os ficheiros de Epstein\u201d.<\/p>\n<p>E rapidamente voltaram os ataques \u00e0 ABC: \u201cE a ABC, a sua empresa, a sua empresa de caca, \u00e9 uma das autoras desta farsa. Acho que <strong>a licen\u00e7a da ABC devia ser revogada<\/strong> porque as suas not\u00edcias s\u00e3o t\u00e3o falsas e t\u00e3o erradas\u201d.<\/p>\n<blockquote class=\"twitter-tweet\" data-media-max-width=\"560\">\n<p dir=\"ltr\" lang=\"en\">\ud83d\udea8 HOLY CRAP! President Trump just spent SEVERAL MINUTES eviscerating ABC and their \u201creporter\u201d \u2014 calls for ABC\u2019s broadcast license to be REVOKED<\/p>\n<p>\u201cYou\u2019re a TERRIBLE person and a terrible reporter.\u201d<\/p>\n<p>\u201cI think the license be taken from ABC, because your news is so FAKE and so\u2026 <a href=\"https:\/\/t.co\/9kgf4OsYf2\" data-wpel-link=\"external\" target=\"_blank\" rel=\"nofollow external noopener noreferrer\" class=\"ext-link\">pic.twitter.com\/9kgf4OsYf2<\/a><\/p>\n<p>\u2014 Nick Sortor (@nicksortor) <a href=\"https:\/\/twitter.com\/nicksortor\/status\/1990845847811092800?ref_src=twsrc%5Etfw\" data-wpel-link=\"external\" target=\"_blank\" rel=\"nofollow external noopener noreferrer\" class=\"ext-link\">November 18, 2025<\/a><\/p>\n<\/blockquote>\n<p>J\u00e1 h\u00e1 quem defenda que Mary Bruce devia entrar na lista de <a href=\"https:\/\/x.com\/NoelinSD\/status\/1990867747220435220\" data-wpel-link=\"external\" target=\"_blank\" rel=\"nofollow external noopener noreferrer\" class=\"ext-link\">her\u00f3is<\/a> nacionais.<\/p>\n<p>\u201cPorquinha\u201d<\/p>\n<p>Estes insultos a jornalistas t\u00eam sido frequentes nos \u00faltimos dias.<\/p>\n<p>Apenas dois dias antes, no domingo, o presidente dos EUA disse a um jornalista da Bloomberg: \u201c<strong>\u00c9 o pior<\/strong>. Nem sei porque a Bloomberg ainda conta consigo\u201d.<\/p>\n<p>E dois dias antes desse momento, na sexta-feira passada, e novamente no contexto dos ficheiros Epstein, a jornalista Catherine Lucey, tamb\u00e9m da Bloomberg, perguntou: \u201cO que \u00e9 que Jeffrey Epstein quis dizer nos seus e-mails quando afirmou \u2018Sabia das raparigas\u2019?\u201d. Trump assegurou que nada sabia sobre isso, desviou as aten\u00e7\u00f5es para Bill Clinton e Larry Summers, criticou os democratas, mas a jornalista interrompeu: \u201cN\u00e3o h\u00e1 nada incriminat\u00f3rio nos ficheiros?\u201d \u2013 e Trump disse \u00e0 jornalista: <strong>\u201cSil\u00eancio, porquinha\u201d.<\/strong><\/p>\n<p>A <strong>Casa Branca defendeu Trump<\/strong> neste assunto: \u201cA jornalista em causa comportou-se de forma inadequada e pouco profissional com os seus colegas no avi\u00e3o. <strong>Quem critica tem de saber receber cr\u00edticas<\/strong>\u201d.<\/p>\n<p>Esta mudan\u00e7a de limites no discurso come\u00e7ou h\u00e1 uns anos, quando Donald Trump disse que os jornalistas s\u00e3o \u201cinimigos do povo\u201d \u2013 algo que <a href=\"https:\/\/zap.aeiou.pt\/investigado-video-chega-imigrante-bangladesh-607761\" data-wpel-link=\"internal\" rel=\"nofollow noopener\" target=\"_blank\">j\u00e1 ouvimos por c\u00e1<\/a>, mais recentemente.<\/p>\n<p style=\"padding-left: 25px; margin-bottom: 10; font-family: Roboto, Arial, Helvetica, sans-serif; font-size: 15px\">&#13;<br \/>\n        Nuno Teixeira da Silva, ZAP \/\/ <a href=\"\" data-wpel-link=\"internal\"\/>&#13;\n    <\/p>\n<p>    <a href=\"https:\/\/zap.aeiou.pt\/subscrever-newsletter\" data-wpel-link=\"internal\" rel=\"nofollow noopener\" target=\"_blank\">&#13;<br \/>\n        <img loading=\"lazy\" decoding=\"async\" class=\"aligncenter size-full wp-image-575475\" src=\"https:\/\/www.europesays.com\/pt\/wp-content\/uploads\/2025\/11\/2d51fe4a0ba54894421ead1809309ed9-1-450x140.jpg\" alt=\"Subscreva a Newsletter ZAP\" width=\"450\" height=\"140\"\/>&#13;<br \/>\n    <\/a><\/p>\n<p>                <a href=\"https:\/\/whatsapp.com\/channel\/0029VaIC4EE2f3EJZPPSbR34\" data-wpel-link=\"external\" target=\"_blank\" rel=\"nofollow external noopener noreferrer\" class=\"ext-link\">&#13;<br \/>\n                    <img loading=\"lazy\" decoding=\"async\" class=\"aligncenter size-full wp-image-575475\" src=\"https:\/\/www.europesays.com\/pt\/wp-content\/uploads\/2025\/11\/c68c559d956d4ca20f435ed74a6e71e6.png\" alt=\"Siga-nos no WhatsApp\" width=\"175\" height=\"64\"\/>&#13;<br \/>\n                <\/a><\/p>\n<p>                <a href=\"https:\/\/news.google.com\/publications\/CAAiEHRwZondIV71PDjWNoqMduEqFAgKIhB0cGaJ3SFe9Tw41jaKjHbh?hl=en-US&amp;gl=US&amp;ceid=US%3Aen\" data-wpel-link=\"external\" target=\"_blank\" rel=\"nofollow external noopener noreferrer\" class=\"ext-link\">&#13;<br \/>\n                    <img loading=\"lazy\" decoding=\"async\" class=\"aligncenter size-full wp-image-575475\" src=\"https:\/\/www.europesays.com\/pt\/wp-content\/uploads\/2025\/11\/5123dd8b087b644fdb8f8603acd1bad4.png\" alt=\"Siga-nos no Google News\" width=\"176\" height=\"64\"\/>&#13;<br \/>\n                <\/a><\/p>\n<p>                <script async src=\"https:\/\/platform.twitter.com\/widgets.js\" charset=\"utf-8\"><\/script><\/p>\n","protected":false},"excerpt":{"rendered":"Nathan Howard \/ EPA Mohammed bin Salman e Donald Trump Trump iliba pr\u00edncipe saudita da morte de jornalista.&hellip;\n","protected":false},"author":2,"featured_media":159012,"comment_status":"","ping_status":"","sticky":false,"template":"","format":"standard","meta":{"footnotes":""},"categories":[50],"tags":[1145,27,28,269,5914,92,413,15,16,14,1428,25,26,21,22,62,12,13,19,20,4007,23,24,17,18,29,30,31,63,64,65],"class_list":{"0":"post-159011","1":"post","2":"type-post","3":"status-publish","4":"format-standard","5":"has-post-thumbnail","7":"category-mundo","8":"tag-arabia-saudita","9":"tag-breaking-news","10":"tag-breakingnews","11":"tag-capa","12":"tag-casa-branca","13":"tag-donald-trump","14":"tag-eua","15":"tag-featured-news","16":"tag-featurednews","17":"tag-headlines","18":"tag-jornalismo","19":"tag-latest-news","20":"tag-latestnews","21":"tag-main-news","22":"tag-mainnews","23":"tag-mundo","24":"tag-news","25":"tag-noticias","26":"tag-noticias-principais","27":"tag-noticiasprincipais","28":"tag-politica-internacional","29":"tag-principais-noticias","30":"tag-principaisnoticias","31":"tag-top-stories","32":"tag-topstories","33":"tag-ultimas","34":"tag-ultimas-noticias","35":"tag-ultimasnoticias","36":"tag-world","37":"tag-world-news","38":"tag-worldnews"},"share_on_mastodon":{"url":"https:\/\/pubeurope.com\/@pt\/115583056111690175","error":""},"_links":{"self":[{"href":"https:\/\/www.europesays.com\/pt\/wp-json\/wp\/v2\/posts\/159011","targetHints":{"allow":["GET"]}}],"collection":[{"href":"https:\/\/www.europesays.com\/pt\/wp-json\/wp\/v2\/posts"}],"about":[{"href":"https:\/\/www.europesays.com\/pt\/wp-json\/wp\/v2\/types\/post"}],"author":[{"embeddable":true,"href":"https:\/\/www.europesays.com\/pt\/wp-json\/wp\/v2\/users\/2"}],"replies":[{"embeddable":true,"href":"https:\/\/www.europesays.com\/pt\/wp-json\/wp\/v2\/comments?post=159011"}],"version-history":[{"count":0,"href":"https:\/\/www.europesays.com\/pt\/wp-json\/wp\/v2\/posts\/159011\/revisions"}],"wp:featuredmedia":[{"embeddable":true,"href":"https:\/\/www.europesays.com\/pt\/wp-json\/wp\/v2\/media\/159012"}],"wp:attachment":[{"href":"https:\/\/www.europesays.com\/pt\/wp-json\/wp\/v2\/media?parent=159011"}],"wp:term":[{"taxonomy":"category","embeddable":true,"href":"https:\/\/www.europesays.com\/pt\/wp-json\/wp\/v2\/categories?post=159011"},{"taxonomy":"post_tag","embeddable":true,"href":"https:\/\/www.europesays.com\/pt\/wp-json\/wp\/v2\/tags?post=159011"}],"curies":[{"name":"wp","href":"https:\/\/api.w.org\/{rel}","templated":true}]}}