{"id":159021,"date":"2025-11-20T17:02:26","date_gmt":"2025-11-20T17:02:26","guid":{"rendered":"https:\/\/www.europesays.com\/pt\/159021\/"},"modified":"2025-11-20T17:02:26","modified_gmt":"2025-11-20T17:02:26","slug":"como-vai-mudar-a-renda-para-o-ano-saiba-o-que-e-o-coeficiente-de-atualizacao-e-como-vai-mexer-no-seu-bolso","status":"publish","type":"post","link":"https:\/\/www.europesays.com\/pt\/159021\/","title":{"rendered":"Como vai mudar a renda para o ano? Saiba o que \u00e9 o coeficiente de atualiza\u00e7\u00e3o (e como vai mexer no seu bolso)"},"content":{"rendered":"<p data-v-da038cd0=\"\">O\u00a0<strong data-v-da038cd0=\"\">coeficiente de atualiza\u00e7\u00e3o de rendas\u00a0<\/strong>\u00e9 crucial para determinar quanto\u00a0<a href=\"https:\/\/www.comparaja.pt\/blog\/aumento-das-rendas\" target=\"_blank\" rel=\"noopener nofollow\" data-v-da038cd0=\"\">vai pagar de renda no pr\u00f3ximo ano<\/a>. A Comparaj\u00e1 explica-lhe de forma simples o que muda e o que deve ter em conta em 2026.<\/p>\n<p>A lei que regula a atualiza\u00e7\u00e3o das rendas<\/p>\n<p data-v-da038cd0=\"\">Antes de mais, \u00e9 importante entender a lei de atualiza\u00e7\u00e3o das rendas. Esta lei\u00a0<strong data-v-da038cd0=\"\">define como e quando as rendas podem ser ajustadas<\/strong>, garantindo que tanto inquilinos quanto senhorios estejam informados sobre os seus direitos e deveres.<\/p>\n<p data-v-da038cd0=\"\">Em Portugal, a atualiza\u00e7\u00e3o das rendas \u00e9 regida pelo\u00a0<a href=\"https:\/\/www.comparaja.pt\/blog\/nrau\" target=\"_blank\" rel=\"noopener nofollow\" data-v-da038cd0=\"\">Novo Regime do Arrendamento Urbano (NRAU)<\/a>, que estabelece que as rendas podem ser atualizadas anualmente com base num coeficiente publicado pelo\u00a0<a href=\"https:\/\/www.ine.pt\/ine\/ipc\/ipc_a_novo.jsp\" target=\"_blank\" rel=\"noopener nofollow\" data-v-da038cd0=\"\">Instituto Nacional de Estat\u00edstica (INE)<\/a>. Este coeficiente tem como base a varia\u00e7\u00e3o m\u00e9dia do \u00cdndice de Pre\u00e7os no Consumidor (IPC), sem habita\u00e7\u00e3o, nos \u00faltimos 12 meses terminados em agosto do ano anterior.<\/p>\n<p>Qual a lei que determina o coeficiente atualiza\u00e7\u00e3o de rendas 2026?<\/p>\n<p data-v-da038cd0=\"\">Para 2026, a atualiza\u00e7\u00e3o das rendas ser\u00e1 determinada de acordo com a\u00a0<strong data-v-da038cd0=\"\"><a href=\"https:\/\/diariodarepublica.pt\/dr\/detalhe\/lei\/6-2006-693853\" target=\"_blank\" rel=\"noopener nofollow\" data-v-da038cd0=\"\">Lei n.\u00ba 6\/2006, de 27 de fevereiro<\/a><\/strong>, que regulamenta o NRAU.<\/p>\n<p data-v-da038cd0=\"\">De acordo com esta lei, o coeficiente de atualiza\u00e7\u00e3o de rendas \u00e9 publicado anualmente no\u00a0<strong data-v-da038cd0=\"\">Di\u00e1rio da Rep\u00fablica<\/strong>\u00a0pelo INE. Este coeficiente aplica-se a contratos de arrendamento habitacional e n\u00e3o habitacional, celebrados antes e depois do RAU (Regime do Arrendamento Urbano).<\/p>\n<p>Qual \u00e9 o coeficiente atualiza\u00e7\u00e3o de rendas 2026?<\/p>\n<p data-v-da038cd0=\"\">Segundo o\u00a0<strong data-v-da038cd0=\"\">Aviso n.\u00ba 18424\/2025<\/strong>, publicado no Di\u00e1rio da Rep\u00fablica, o\u00a0<strong data-v-da038cd0=\"\">coeficiente de atualiza\u00e7\u00e3o de rendas para 2026<\/strong>\u00a0foi fixado em\u00a0<strong data-v-da038cd0=\"\">1,0224<\/strong>.<\/p>\n<p data-v-da038cd0=\"\">Isto significa que as rendas podem aumentar\u00a0<strong data-v-da038cd0=\"\">2,24%<\/strong>\u00a0em rela\u00e7\u00e3o a 2025.<\/p>\n<p>Como calcular o aumento da renda?<\/p>\n<p data-v-da038cd0=\"\">Para calcular quanto vai pagar a mais na renda mensal, basta multiplicar a renda atual pelo coeficiente de 1,0224. Por exemplo, se a sua renda atual \u00e9 de 1.000 euros, o c\u00e1lculo ser\u00e1 o seguinte:<\/p>\n<p data-v-da038cd0=\"\">Renda atual x coeficiente de atualiza\u00e7\u00e3o = Renda em 2026<\/p>\n<p data-v-da038cd0=\"\">1.000 \u00d7 1,0224 = 1.022,40 euros<\/p>\n<p data-v-da038cd0=\"\">Portanto, a sua nova renda ser\u00e1 de 1.022,40 euros.<\/p>\n<p>Aten\u00e7\u00e3o:<\/p>\n<p data-v-da038cd0=\"\">Se o contrato\u00a0<strong data-v-da038cd0=\"\">n\u00e3o tiver sido atualizado nos anos anteriores<\/strong>, o senhorio pode aplicar\u00a0<strong data-v-da038cd0=\"\">os coeficientes acumulados dos \u00faltimos tr\u00eas anos<\/strong>, conforme o\u00a0<a href=\"https:\/\/diariodarepublica.pt\/dr\/legislacao-consolidada\/decreto-lei\/1966-34509075-66152691\" target=\"_blank\" rel=\"noopener nofollow\" data-v-da038cd0=\"\">artigo 1077.\u00ba do C\u00f3digo Civil<\/a>.<br data-v-da038cd0=\"\"\/>Isto significa que o aumento pode ser um pouco superior, mas\u00a0<strong data-v-da038cd0=\"\">s\u00f3 \u00e9 legal se estiver devidamente comunicado e documentado<\/strong>.<\/p>\n<p data-v-da038cd0=\"\">Compreender o coeficiente de atualiza\u00e7\u00e3o de rendas \u00e9 vital tanto para inquilinos quanto para arrendat\u00e1rios.<\/p>\n<p data-v-da038cd0=\"\">Para os\u00a0<strong data-v-da038cd0=\"\">inquilinos<\/strong>, conhecer o coeficiente ajuda a:<\/p>\n<ul data-v-da038cd0=\"\">\n<li data-v-da038cd0=\"\">\n<p data-v-da038cd0=\"\"><strong data-v-da038cd0=\"\">Planear o\u00a0<\/strong><strong data-v-da038cd0=\"\"><a href=\"https:\/\/www.comparaja.pt\/blog\/orcamento-familiar\" target=\"_blank\" rel=\"noopener nofollow\" data-v-da038cd0=\"\">or\u00e7amento familiar<\/a><\/strong>;<\/p>\n<\/li>\n<li data-v-da038cd0=\"\">\n<p data-v-da038cd0=\"\"><strong data-v-da038cd0=\"\">Evitar aumentos inesperados<\/strong>;<\/p>\n<\/li>\n<li data-v-da038cd0=\"\">\n<p data-v-da038cd0=\"\">Verificar se o aumento est\u00e1\u00a0<strong data-v-da038cd0=\"\">dentro da legalidade<\/strong>.<\/p>\n<\/li>\n<\/ul>\n<p data-v-da038cd0=\"\">Para os\u00a0<strong data-v-da038cd0=\"\">senhorios<\/strong>, garante:<\/p>\n<p data-v-da038cd0=\"\">O aumento das rendas em 2026 ser\u00e1\u00a0<strong data-v-da038cd0=\"\">moderado<\/strong>, refletindo uma\u00a0<strong data-v-da038cd0=\"\">infla\u00e7\u00e3o mais est\u00e1vel<\/strong>\u00a0face aos anos anteriores. Ainda assim, \u00e9 essencial que inquilinos e senhorios\u00a0<strong data-v-da038cd0=\"\">comuniquem de forma clara e por escrito<\/strong>, e que o aumento\u00a0<strong data-v-da038cd0=\"\">respeite o coeficiente oficial<\/strong>.<\/p>\n","protected":false},"excerpt":{"rendered":"O\u00a0coeficiente de atualiza\u00e7\u00e3o de rendas\u00a0\u00e9 crucial para determinar quanto\u00a0vai pagar de renda no pr\u00f3ximo ano. A Comparaj\u00e1 explica-lhe&hellip;\n","protected":false},"author":2,"featured_media":159022,"comment_status":"","ping_status":"","sticky":false,"template":"","format":"standard","meta":{"footnotes":""},"categories":[83],"tags":[88,89,90,32,33],"class_list":{"0":"post-159021","1":"post","2":"type-post","3":"status-publish","4":"format-standard","5":"has-post-thumbnail","7":"category-empresas","8":"tag-business","9":"tag-economy","10":"tag-empresas","11":"tag-portugal","12":"tag-pt"},"share_on_mastodon":{"url":"https:\/\/pubeurope.com\/@pt\/115583106788853612","error":""},"_links":{"self":[{"href":"https:\/\/www.europesays.com\/pt\/wp-json\/wp\/v2\/posts\/159021","targetHints":{"allow":["GET"]}}],"collection":[{"href":"https:\/\/www.europesays.com\/pt\/wp-json\/wp\/v2\/posts"}],"about":[{"href":"https:\/\/www.europesays.com\/pt\/wp-json\/wp\/v2\/types\/post"}],"author":[{"embeddable":true,"href":"https:\/\/www.europesays.com\/pt\/wp-json\/wp\/v2\/users\/2"}],"replies":[{"embeddable":true,"href":"https:\/\/www.europesays.com\/pt\/wp-json\/wp\/v2\/comments?post=159021"}],"version-history":[{"count":0,"href":"https:\/\/www.europesays.com\/pt\/wp-json\/wp\/v2\/posts\/159021\/revisions"}],"wp:featuredmedia":[{"embeddable":true,"href":"https:\/\/www.europesays.com\/pt\/wp-json\/wp\/v2\/media\/159022"}],"wp:attachment":[{"href":"https:\/\/www.europesays.com\/pt\/wp-json\/wp\/v2\/media?parent=159021"}],"wp:term":[{"taxonomy":"category","embeddable":true,"href":"https:\/\/www.europesays.com\/pt\/wp-json\/wp\/v2\/categories?post=159021"},{"taxonomy":"post_tag","embeddable":true,"href":"https:\/\/www.europesays.com\/pt\/wp-json\/wp\/v2\/tags?post=159021"}],"curies":[{"name":"wp","href":"https:\/\/api.w.org\/{rel}","templated":true}]}}