{"id":159023,"date":"2025-11-20T17:03:12","date_gmt":"2025-11-20T17:03:12","guid":{"rendered":"https:\/\/www.europesays.com\/pt\/159023\/"},"modified":"2025-11-20T17:03:12","modified_gmt":"2025-11-20T17:03:12","slug":"casal-condenado-por-decapitar-dois-filhos-e-obrigar-outros-dois-a-ver-os-corpos","status":"publish","type":"post","link":"https:\/\/www.europesays.com\/pt\/159023\/","title":{"rendered":"Casal condenado por decapitar dois filhos e obrigar outros dois a ver os corpos"},"content":{"rendered":"<p class=\"category\"><a href=\"https:\/\/sicnoticias.pt\/mundo\/eua\" rel=\"nofollow noopener\" target=\"_blank\">EUA<\/a><\/p>\n<p>&#8220;\u00c9 um ato monstruoso e cruel que afetou uma fam\u00edlia inteira&#8221;, diz o advogado Nathan Hockman. O caso aconteceu em novembro de 2020, em Lancaster, nos Estados Unidos. O casal incorre numa pena de pris\u00e3o perp\u00e9tua.<\/p>\n<p><img decoding=\"async\" src=\"https:\/\/www.europesays.com\/pt\/wp-content\/uploads\/2025\/11\/1763143983_300_original.webp\" alt=\"Casal condenado por decapitar dois filhos e obrigar outros dois a ver os corpos\"\/><\/p>\n<p>lexrvulescu \/ 500px\/Getty Imagens<\/p>\n<p><strong>Um casal que vivia em Lancaster, nos Estados Unidos, foi considerado culpados pelo homic\u00eddio de dois filhos e por abuso infantil contra outros dois. Maurice Jewel Taylor, de 39 anos, e Natalie Sumiko Brothwell, de 48, incorrem numa pena de pris\u00e3o perp\u00e9tua.<\/strong><\/p>\n<p>Os homic\u00eddios, que aconteceram a 29 de novembro de 2020, t\u00eam contornos macabros. Segundo o <a href=\"https:\/\/www.latimes.com\/california\/story\/2025-11-18\/la-county-parents-who-decapitated-children-convicted-of-murder\" target=\"_blank\" rel=\"noopener noreferrer nofollow\">Los Angeles Times<\/a>, Os pais s\u00e3o acusados de terem esfaqueado e decapitado dois filhos, de 13 e 12 anos. <\/p>\n<p>Depois, ter\u00e3o obrigado os outros dois filhos, de 8 e 9 anos, a ver o corpo dos irm\u00e3os e a permanecerem confinados dentro de um quarto durante dias.<\/p>\n<p>&#8220;Ato monstruoso&#8221;<\/p>\n<p>Os corpos foram descobertos ap\u00f3s um poss\u00edvel vazamento de g\u00e1s ter sido relatado na resid\u00eancia do casal. Al\u00e9m disso, clientes de Maurice alertaram as autoridades ap\u00f3s o homem ter desaparecido e deixado de responder aos contactos telef\u00f3nicos.<\/p>\n<blockquote><p>&#8220;\u00c9 um ato monstruoso e cruel que afetou uma fam\u00edlia inteira. Duas crian\u00e7as inocentes foram brutalmente mortas e os irm\u00e3os mais novos tiveram de viver um inimagin\u00e1vel terror&#8221;, afirma o advogado Nathan Hockman.<\/p><\/blockquote>\n","protected":false},"excerpt":{"rendered":"EUA &#8220;\u00c9 um ato monstruoso e cruel que afetou uma fam\u00edlia inteira&#8221;, diz o advogado Nathan Hockman. O&hellip;\n","protected":false},"author":2,"featured_media":151972,"comment_status":"","ping_status":"","sticky":false,"template":"","format":"standard","meta":{"footnotes":""},"categories":[50],"tags":[27,28,15,16,14,25,26,21,22,62,12,13,19,20,23,24,17,18,29,30,31,63,64,65],"class_list":{"0":"post-159023","1":"post","2":"type-post","3":"status-publish","4":"format-standard","5":"has-post-thumbnail","7":"category-mundo","8":"tag-breaking-news","9":"tag-breakingnews","10":"tag-featured-news","11":"tag-featurednews","12":"tag-headlines","13":"tag-latest-news","14":"tag-latestnews","15":"tag-main-news","16":"tag-mainnews","17":"tag-mundo","18":"tag-news","19":"tag-noticias","20":"tag-noticias-principais","21":"tag-noticiasprincipais","22":"tag-principais-noticias","23":"tag-principaisnoticias","24":"tag-top-stories","25":"tag-topstories","26":"tag-ultimas","27":"tag-ultimas-noticias","28":"tag-ultimasnoticias","29":"tag-world","30":"tag-world-news","31":"tag-worldnews"},"share_on_mastodon":{"url":"https:\/\/pubeurope.com\/@pt\/115583110901690390","error":""},"_links":{"self":[{"href":"https:\/\/www.europesays.com\/pt\/wp-json\/wp\/v2\/posts\/159023","targetHints":{"allow":["GET"]}}],"collection":[{"href":"https:\/\/www.europesays.com\/pt\/wp-json\/wp\/v2\/posts"}],"about":[{"href":"https:\/\/www.europesays.com\/pt\/wp-json\/wp\/v2\/types\/post"}],"author":[{"embeddable":true,"href":"https:\/\/www.europesays.com\/pt\/wp-json\/wp\/v2\/users\/2"}],"replies":[{"embeddable":true,"href":"https:\/\/www.europesays.com\/pt\/wp-json\/wp\/v2\/comments?post=159023"}],"version-history":[{"count":0,"href":"https:\/\/www.europesays.com\/pt\/wp-json\/wp\/v2\/posts\/159023\/revisions"}],"wp:featuredmedia":[{"embeddable":true,"href":"https:\/\/www.europesays.com\/pt\/wp-json\/wp\/v2\/media\/151972"}],"wp:attachment":[{"href":"https:\/\/www.europesays.com\/pt\/wp-json\/wp\/v2\/media?parent=159023"}],"wp:term":[{"taxonomy":"category","embeddable":true,"href":"https:\/\/www.europesays.com\/pt\/wp-json\/wp\/v2\/categories?post=159023"},{"taxonomy":"post_tag","embeddable":true,"href":"https:\/\/www.europesays.com\/pt\/wp-json\/wp\/v2\/tags?post=159023"}],"curies":[{"name":"wp","href":"https:\/\/api.w.org\/{rel}","templated":true}]}}