{"id":159024,"date":"2025-11-20T17:04:16","date_gmt":"2025-11-20T17:04:16","guid":{"rendered":"https:\/\/www.europesays.com\/pt\/159024\/"},"modified":"2025-11-20T17:04:16","modified_gmt":"2025-11-20T17:04:16","slug":"nao-as-tempestades-nao-estao-mais-perigosas-para-as-pessoas-em-portugal-e-no-mundo","status":"publish","type":"post","link":"https:\/\/www.europesays.com\/pt\/159024\/","title":{"rendered":"N\u00e3o, as tempestades n\u00e3o est\u00e3o mais perigosas para as pessoas (em Portugal e no mundo)"},"content":{"rendered":"<p>RUI MINDERICO\/Lusa<\/p>\n<p>Boa tarde,<\/p>\n<p>Come\u00e7o esta newsletter com uma perplexidade de sempre: porque \u00e9 que os portugueses deixam de pensar quando chove? Porque \u00e9 que o pa\u00eds p\u00e1ra quando chove? Porque \u00e9 que as pessoas entram quase em p\u00e2nico? \u00c9 como se a chuva fosse veneno ou \u00e1cido. Porque \u00e9 que querem cancelar tudo s\u00f3 porque est\u00e1 a chover? Eu pensava que era coisa minha, mas, afinal, dois jornalistas estrangeiros a viver em Portugal <a href=\"https:\/\/www.instagram.com\/p\/DRKyJh-DBUk\/?img_index=2\" target=\"_blank\" rel=\"noopener noreferrer nofollow\">sentem o mesmo perante esta irracionalidade portuguesa<\/a>.<\/p>\n<p><a href=\"https:\/\/expresso.pt\/subscrever?action=GEN&amp;channel=VID&amp;type=CAP&amp;source=WEB&amp;returnUrl=https:\/\/expresso.pt\/newsletters\/contrafactual\/2025-11-20-nao-as-tempestades-nao-estao-mais-perigosas-para-as-pessoas--em-portugal-e-no-mundo--f78ca2d3&amp;utm_source=expresso&amp;utm_medium=locked_article&amp;locked=true&amp;article_id=6bdb2426-d6b8-47be-8238-654053b2598b&amp;author_id=Henrique+Raposo&amp;category=Contrafactual\" target=\"_self\" class=\"\" rel=\"nofollow noopener\">Subscrever<\/a>J\u00e1 \u00e9 Subscritor?Fa\u00e7a login e continue a ler<a href=\"http:\/\/expresso.pt\/codigo?redirectUrl=https:\/\/expresso.pt\/newsletters\/contrafactual\/2025-11-20-nao-as-tempestades-nao-estao-mais-perigosas-para-as-pessoas--em-portugal-e-no-mundo--f78ca2d3\" target=\"_self\" class=\"\" rel=\"nofollow noopener\">Inserir C\u00f3digo<\/a>Comprou o Expresso?Insira o c\u00f3digo presente na Revista E para continuar a ler<script async src=\"\/\/www.instagram.com\/embed.js\"><\/script><\/p>\n","protected":false},"excerpt":{"rendered":"RUI MINDERICO\/Lusa Boa tarde, Come\u00e7o esta newsletter com uma perplexidade de sempre: porque \u00e9 que os portugueses deixam&hellip;\n","protected":false},"author":2,"featured_media":110531,"comment_status":"","ping_status":"","sticky":false,"template":"","format":"standard","meta":{"footnotes":""},"categories":[10],"tags":[27,28,15,16,14,25,26,21,22,12,13,19,20,32,23,24,33,17,18,29,30,31],"class_list":{"0":"post-159024","1":"post","2":"type-post","3":"status-publish","4":"format-standard","5":"has-post-thumbnail","7":"category-portugal","8":"tag-breaking-news","9":"tag-breakingnews","10":"tag-featured-news","11":"tag-featurednews","12":"tag-headlines","13":"tag-latest-news","14":"tag-latestnews","15":"tag-main-news","16":"tag-mainnews","17":"tag-news","18":"tag-noticias","19":"tag-noticias-principais","20":"tag-noticiasprincipais","21":"tag-portugal","22":"tag-principais-noticias","23":"tag-principaisnoticias","24":"tag-pt","25":"tag-top-stories","26":"tag-topstories","27":"tag-ultimas","28":"tag-ultimas-noticias","29":"tag-ultimasnoticias"},"share_on_mastodon":{"url":"https:\/\/pubeurope.com\/@pt\/115583114440930827","error":""},"_links":{"self":[{"href":"https:\/\/www.europesays.com\/pt\/wp-json\/wp\/v2\/posts\/159024","targetHints":{"allow":["GET"]}}],"collection":[{"href":"https:\/\/www.europesays.com\/pt\/wp-json\/wp\/v2\/posts"}],"about":[{"href":"https:\/\/www.europesays.com\/pt\/wp-json\/wp\/v2\/types\/post"}],"author":[{"embeddable":true,"href":"https:\/\/www.europesays.com\/pt\/wp-json\/wp\/v2\/users\/2"}],"replies":[{"embeddable":true,"href":"https:\/\/www.europesays.com\/pt\/wp-json\/wp\/v2\/comments?post=159024"}],"version-history":[{"count":0,"href":"https:\/\/www.europesays.com\/pt\/wp-json\/wp\/v2\/posts\/159024\/revisions"}],"wp:featuredmedia":[{"embeddable":true,"href":"https:\/\/www.europesays.com\/pt\/wp-json\/wp\/v2\/media\/110531"}],"wp:attachment":[{"href":"https:\/\/www.europesays.com\/pt\/wp-json\/wp\/v2\/media?parent=159024"}],"wp:term":[{"taxonomy":"category","embeddable":true,"href":"https:\/\/www.europesays.com\/pt\/wp-json\/wp\/v2\/categories?post=159024"},{"taxonomy":"post_tag","embeddable":true,"href":"https:\/\/www.europesays.com\/pt\/wp-json\/wp\/v2\/tags?post=159024"}],"curies":[{"name":"wp","href":"https:\/\/api.w.org\/{rel}","templated":true}]}}