{"id":159025,"date":"2025-11-20T17:06:09","date_gmt":"2025-11-20T17:06:09","guid":{"rendered":"https:\/\/www.europesays.com\/pt\/159025\/"},"modified":"2025-11-20T17:06:09","modified_gmt":"2025-11-20T17:06:09","slug":"do-carnaval-ao-maracana-dua-lipa-mergulha-no-clima-carioca","status":"publish","type":"post","link":"https:\/\/www.europesays.com\/pt\/159025\/","title":{"rendered":"Do Carnaval ao Maracan\u00e3: Dua Lipa mergulha no clima carioca"},"content":{"rendered":"<p>                                <img decoding=\"async\" fetchpriority=\"high\" width=\"1280\" height=\"720\" src=\"https:\/\/www.europesays.com\/pt\/wp-content\/uploads\/2025\/11\/WhatsApp-Image-2025-11-20-at-13.09.47.jpeg\" alt=\"Dua Lipa na quadra da escola de samba Vila Isabel\" class=\"media \"\/>                Dua Lipa na quadra da escola de samba Vila Isabel\u00a0(Tatiana Moura\/VEJA)<\/p>\n<p>                    Continua ap\u00f3s publicidade<\/p>\n<p style=\"text-align: justify;\" data-start=\"96\" data-end=\"507\">De passagem pelo Rio para um show neste s\u00e1bado, 22, <strong>Dua Lipa<\/strong> protagonizou um encontro animado com <a href=\"https:\/\/veja.abril.com.br\/coluna\/veja-gente\/a-mudanca-de-sabrina-sato-para-saltar-de-paraquedas-com-nicolas-prattes\/\" rel=\"nofollow noopener\" target=\"_blank\"><strong>Sabrina Sato<\/strong><\/a> no ensaio da Vila Isabel, na Zona Norte do Rio, nesta quarta-feira, 19. A cantora avistou a rainha de bateria ainda no estacionamento da escola de samba e, empolgada, chegou a beijar a bandeira da agremia\u00e7\u00e3o. Dentro da quadra, a albanesa arriscou uns passos de samba, subiu no palco e se divertiu gravando v\u00eddeos da apresentadora, das passistas e da bateria.<\/p>\n<p style=\"text-align: justify;\" data-start=\"509\" data-end=\"717\" data-is-last-node=\"\" data-is-only-node=\"\">A visita foi r\u00e1pida, durou menos de dez minutos, mas suficiente para Lipa sentir um gostinho do Carnaval carioca. De l\u00e1, ela seguiu direto para o Maracan\u00e3, onde assistiu ao cl\u00e1ssico Fla-Flu ao lado da fam\u00edlia. Um pacote completo de experi\u00eancia carioca.<\/p>\n","protected":false},"excerpt":{"rendered":"Dua Lipa na quadra da escola de samba Vila Isabel\u00a0(Tatiana Moura\/VEJA) Continua ap\u00f3s publicidade De passagem pelo Rio&hellip;\n","protected":false},"author":2,"featured_media":159026,"comment_status":"","ping_status":"","sticky":false,"template":"","format":"standard","meta":{"footnotes":""},"categories":[145],"tags":[211,210,114,115,32,33],"class_list":{"0":"post-159025","1":"post","2":"type-post","3":"status-publish","4":"format-standard","5":"has-post-thumbnail","7":"category-celebridades","8":"tag-celebridades","9":"tag-celebrities","10":"tag-entertainment","11":"tag-entretenimento","12":"tag-portugal","13":"tag-pt"},"share_on_mastodon":{"url":"https:\/\/pubeurope.com\/@pt\/115583122705731681","error":""},"_links":{"self":[{"href":"https:\/\/www.europesays.com\/pt\/wp-json\/wp\/v2\/posts\/159025","targetHints":{"allow":["GET"]}}],"collection":[{"href":"https:\/\/www.europesays.com\/pt\/wp-json\/wp\/v2\/posts"}],"about":[{"href":"https:\/\/www.europesays.com\/pt\/wp-json\/wp\/v2\/types\/post"}],"author":[{"embeddable":true,"href":"https:\/\/www.europesays.com\/pt\/wp-json\/wp\/v2\/users\/2"}],"replies":[{"embeddable":true,"href":"https:\/\/www.europesays.com\/pt\/wp-json\/wp\/v2\/comments?post=159025"}],"version-history":[{"count":0,"href":"https:\/\/www.europesays.com\/pt\/wp-json\/wp\/v2\/posts\/159025\/revisions"}],"wp:featuredmedia":[{"embeddable":true,"href":"https:\/\/www.europesays.com\/pt\/wp-json\/wp\/v2\/media\/159026"}],"wp:attachment":[{"href":"https:\/\/www.europesays.com\/pt\/wp-json\/wp\/v2\/media?parent=159025"}],"wp:term":[{"taxonomy":"category","embeddable":true,"href":"https:\/\/www.europesays.com\/pt\/wp-json\/wp\/v2\/categories?post=159025"},{"taxonomy":"post_tag","embeddable":true,"href":"https:\/\/www.europesays.com\/pt\/wp-json\/wp\/v2\/tags?post=159025"}],"curies":[{"name":"wp","href":"https:\/\/api.w.org\/{rel}","templated":true}]}}