{"id":159027,"date":"2025-11-20T17:07:11","date_gmt":"2025-11-20T17:07:11","guid":{"rendered":"https:\/\/www.europesays.com\/pt\/159027\/"},"modified":"2025-11-20T17:07:11","modified_gmt":"2025-11-20T17:07:11","slug":"fotografa-viraliza-ao-recriar-fotos-de-infancia-para-revelar-o-impacto-do-tempo","status":"publish","type":"post","link":"https:\/\/www.europesays.com\/pt\/159027\/","title":{"rendered":"Fot\u00f3grafa viraliza ao recriar fotos de inf\u00e2ncia para revelar o impacto do tempo"},"content":{"rendered":"\n<p class=\" content-text__container \" data-track-category=\"Link no Texto\" data-track-links=\"\"> Segundo a publica\u00e7\u00e3o que viralizou na rede social, a profissional passou anos rastreando pessoas a partir de antigos \u00e1lbuns de fam\u00edlia, observando cada detalhe das imagens originais: do caimento de uma camisa ao toque da luz no cen\u00e1rio. Em busca de manter fidelidade absoluta, ela reconstruiu ambientes, roupas, ilumina\u00e7\u00e3o e adere\u00e7os, muitas vezes retornando aos locais exatos onde as fotos foram tiradas. <\/p>\n","protected":false},"excerpt":{"rendered":"Segundo a publica\u00e7\u00e3o que viralizou na rede social, a profissional passou anos rastreando pessoas a partir de antigos&hellip;\n","protected":false},"author":2,"featured_media":159028,"comment_status":"","ping_status":"","sticky":false,"template":"","format":"standard","meta":{"footnotes":""},"categories":[144],"tags":[207,205,206,203,201,202,204,114,115,32,33],"class_list":{"0":"post-159027","1":"post","2":"type-post","3":"status-publish","4":"format-standard","5":"has-post-thumbnail","7":"category-arte-e-design","8":"tag-arte","9":"tag-arte-e-design","10":"tag-artedesign","11":"tag-arts","12":"tag-arts-and-design","13":"tag-artsanddesign","14":"tag-design","15":"tag-entertainment","16":"tag-entretenimento","17":"tag-portugal","18":"tag-pt"},"share_on_mastodon":{"url":"https:\/\/pubeurope.com\/@pt\/115583126259177939","error":""},"_links":{"self":[{"href":"https:\/\/www.europesays.com\/pt\/wp-json\/wp\/v2\/posts\/159027","targetHints":{"allow":["GET"]}}],"collection":[{"href":"https:\/\/www.europesays.com\/pt\/wp-json\/wp\/v2\/posts"}],"about":[{"href":"https:\/\/www.europesays.com\/pt\/wp-json\/wp\/v2\/types\/post"}],"author":[{"embeddable":true,"href":"https:\/\/www.europesays.com\/pt\/wp-json\/wp\/v2\/users\/2"}],"replies":[{"embeddable":true,"href":"https:\/\/www.europesays.com\/pt\/wp-json\/wp\/v2\/comments?post=159027"}],"version-history":[{"count":0,"href":"https:\/\/www.europesays.com\/pt\/wp-json\/wp\/v2\/posts\/159027\/revisions"}],"wp:featuredmedia":[{"embeddable":true,"href":"https:\/\/www.europesays.com\/pt\/wp-json\/wp\/v2\/media\/159028"}],"wp:attachment":[{"href":"https:\/\/www.europesays.com\/pt\/wp-json\/wp\/v2\/media?parent=159027"}],"wp:term":[{"taxonomy":"category","embeddable":true,"href":"https:\/\/www.europesays.com\/pt\/wp-json\/wp\/v2\/categories?post=159027"},{"taxonomy":"post_tag","embeddable":true,"href":"https:\/\/www.europesays.com\/pt\/wp-json\/wp\/v2\/tags?post=159027"}],"curies":[{"name":"wp","href":"https:\/\/api.w.org\/{rel}","templated":true}]}}