{"id":159037,"date":"2025-11-20T17:17:08","date_gmt":"2025-11-20T17:17:08","guid":{"rendered":"https:\/\/www.europesays.com\/pt\/159037\/"},"modified":"2025-11-20T17:17:08","modified_gmt":"2025-11-20T17:17:08","slug":"russia-militar-diz-que-franca-tem-de-se-preparar-para-perder-filhos","status":"publish","type":"post","link":"https:\/\/www.europesays.com\/pt\/159037\/","title":{"rendered":"R\u00fassia? Militar diz que Fran\u00e7a tem de se preparar para &#8220;perder filhos&#8221;"},"content":{"rendered":"<p>&#8220;Moscovo est\u00e1 convencida de que os europeus s\u00e3o fracos. E, no entanto, somos fundamentalmente mais fortes do que a R\u00fassia&#8221;, defendeu Fabien Mandon durante o congresso da Associa\u00e7\u00e3o de Autarcas de Fran\u00e7a, numa interven\u00e7\u00e3o que ganhou destaque medi\u00e1tico ap\u00f3s cr\u00edticas das for\u00e7as mais extremistas \u00e0 esquerda e \u00e0 direita.<\/p>\n<p>O general argumentou que a Fran\u00e7a disp\u00f5e dos meios necess\u00e1rios para dissuadir Moscovo, mas avisou que falta ao pa\u00eds &#8220;a for\u00e7a para aceitar o sofrimento na defesa da na\u00e7\u00e3o&#8221;.<\/p>\n<p>&#8220;Se n\u00e3o estivermos preparados para aceitar a perda dos nossos filhos ou sacrif\u00edcios econ\u00f3micos, estaremos em risco&#8221;, defendeu Mandon.<\/p>\n<p>O general franc\u00eas pediu aos autarcas que divulgassem esta mensagem para que o pa\u00eds esteja &#8220;pronto, dentro de tr\u00eas ou quatro anos, para demonstrar a nossa for\u00e7a \u00e0 R\u00fassia e obrig\u00e1-la a abandonar as suas ambi\u00e7\u00f5es&#8221;.<\/p>\n<p>Mandon alegou ainda que a Fran\u00e7a tem uma responsabilidade acrescida relativamente aos parceiros europeus, por possuir &#8220;um Ex\u00e9rcito de refer\u00eancia&#8221;.<\/p>\n<p>O chefe militar indicou como objetivo duplicar o n\u00famero de reservistas para 80.000, al\u00e9m dos 200.000 militares no ativo.<\/p>\n<p>As declara\u00e7\u00f5es motivaram forte contesta\u00e7\u00e3o pol\u00edtica.<\/p>\n<p>Jean-Luc M\u00e9lenchon, l\u00edder da Fran\u00e7a Insubmissa (LFI), disse estar em &#8220;total discord\u00e2ncia&#8221; com Mandon, criticando que um militar convide autarcas &#8220;para exerc\u00edcios que ningu\u00e9m aprovou&#8221; ou antecipe &#8220;sacrif\u00edcios decorrentes de fracassos diplom\u00e1ticos&#8221;.<\/p>\n<p>M\u00e9lenchon aproveitou para perguntar ainda &#8220;onde est\u00e1 o presidente Emmanuel Macron&#8221; e porque permite tais declara\u00e7\u00f5es.<\/p>\n<p>Tamb\u00e9m S\u00e9bastien Chenu, vice-presidente da Uni\u00e3o Nacional (extrema-direita), afirmou que Mandon &#8220;n\u00e3o tem legitimidade&#8221; para fazer tais apelos, a menos que Macron o tenha solicitado &#8212; cen\u00e1rio que, disse, &#8220;seria ainda mais grave&#8221;.<\/p>\n<p>A pol\u00e9mica coincidiu com a publica\u00e7\u00e3o pelo Governo de um &#8220;guia de sobreviv\u00eancia&#8221; destinado a preparar a popula\u00e7\u00e3o para crises, incluindo conflitos armados, recomendando que cada cidad\u00e3o tenha um &#8216;kit&#8217; b\u00e1sico para tr\u00eas dias, com lanterna, r\u00e1dio a pilhas, documentos essenciais, roupa quente, \u00e1gua quente e cobertor.<\/p>\n<p>A ministra da Defesa, Catherine Vautrin, saiu em defesa do general, afirmando que Mandon &#8220;tem todo o direito de falar das amea\u00e7as&#8221; enfrentadas pelo pa\u00eds, argumentando que as declara\u00e7\u00f5es do general foram &#8220;retiradas do contexto para fins pol\u00edticos&#8221; e refletem a linguagem pr\u00f3pria &#8220;de um l\u00edder consciente de que jovens soldados arriscam a vida todos os dias pela Na\u00e7\u00e3o&#8221;.<\/p>\n<p>Leia Tamb\u00e9m: <a href=\"https:\/\/www.noticiasaominuto.com\/mundo\/2891533\/parlamento-russo-pede-medidas-contra-a-belgica-se-ue-usar-ativos-russos\" target=\"_blank\" rel=\"noopener noreferrer nofollow\">Parlamento russo pede medidas contra a B\u00e9lgica se UE usar ativos russos<\/a><\/p>\n","protected":false},"excerpt":{"rendered":"&#8220;Moscovo est\u00e1 convencida de que os europeus s\u00e3o fracos. E, no entanto, somos fundamentalmente mais fortes do que&hellip;\n","protected":false},"author":2,"featured_media":159038,"comment_status":"","ping_status":"","sticky":false,"template":"","format":"standard","meta":{"footnotes":""},"categories":[50],"tags":[27,28,15,16,14,25,26,21,22,62,12,13,19,20,23,24,17,18,29,30,31,63,64,65],"class_list":{"0":"post-159037","1":"post","2":"type-post","3":"status-publish","4":"format-standard","5":"has-post-thumbnail","7":"category-mundo","8":"tag-breaking-news","9":"tag-breakingnews","10":"tag-featured-news","11":"tag-featurednews","12":"tag-headlines","13":"tag-latest-news","14":"tag-latestnews","15":"tag-main-news","16":"tag-mainnews","17":"tag-mundo","18":"tag-news","19":"tag-noticias","20":"tag-noticias-principais","21":"tag-noticiasprincipais","22":"tag-principais-noticias","23":"tag-principaisnoticias","24":"tag-top-stories","25":"tag-topstories","26":"tag-ultimas","27":"tag-ultimas-noticias","28":"tag-ultimasnoticias","29":"tag-world","30":"tag-world-news","31":"tag-worldnews"},"share_on_mastodon":{"url":"https:\/\/pubeurope.com\/@pt\/115583165768738733","error":""},"_links":{"self":[{"href":"https:\/\/www.europesays.com\/pt\/wp-json\/wp\/v2\/posts\/159037","targetHints":{"allow":["GET"]}}],"collection":[{"href":"https:\/\/www.europesays.com\/pt\/wp-json\/wp\/v2\/posts"}],"about":[{"href":"https:\/\/www.europesays.com\/pt\/wp-json\/wp\/v2\/types\/post"}],"author":[{"embeddable":true,"href":"https:\/\/www.europesays.com\/pt\/wp-json\/wp\/v2\/users\/2"}],"replies":[{"embeddable":true,"href":"https:\/\/www.europesays.com\/pt\/wp-json\/wp\/v2\/comments?post=159037"}],"version-history":[{"count":0,"href":"https:\/\/www.europesays.com\/pt\/wp-json\/wp\/v2\/posts\/159037\/revisions"}],"wp:featuredmedia":[{"embeddable":true,"href":"https:\/\/www.europesays.com\/pt\/wp-json\/wp\/v2\/media\/159038"}],"wp:attachment":[{"href":"https:\/\/www.europesays.com\/pt\/wp-json\/wp\/v2\/media?parent=159037"}],"wp:term":[{"taxonomy":"category","embeddable":true,"href":"https:\/\/www.europesays.com\/pt\/wp-json\/wp\/v2\/categories?post=159037"},{"taxonomy":"post_tag","embeddable":true,"href":"https:\/\/www.europesays.com\/pt\/wp-json\/wp\/v2\/tags?post=159037"}],"curies":[{"name":"wp","href":"https:\/\/api.w.org\/{rel}","templated":true}]}}