{"id":159039,"date":"2025-11-20T17:18:11","date_gmt":"2025-11-20T17:18:11","guid":{"rendered":"https:\/\/www.europesays.com\/pt\/159039\/"},"modified":"2025-11-20T17:18:11","modified_gmt":"2025-11-20T17:18:11","slug":"investigadoras-de-coimbra-recebem-15-milhoes-para-estudar-resistencia-bacteriana-e-como-o-cerebro-entende-emocoes","status":"publish","type":"post","link":"https:\/\/www.europesays.com\/pt\/159039\/","title":{"rendered":"Investigadoras de Coimbra recebem 1,5 milh\u00f5es para estudar resist\u00eancia bacteriana e como o c\u00e9rebro entende emo\u00e7\u00f5es"},"content":{"rendered":"<p><b>Acompanhe toda a atualidade informativa em\u00a0<\/b><a href=\"http:\/\/24noticias.sapo.pt\/\" rel=\"nofollow noopener\" target=\"_blank\"><b>24noticias.sapo.pt<\/b><\/a><\/p>\n<p>Os projetos v\u00e3o investigar \u201ca sobreviv\u00eancia intracelular e resist\u00eancia microbiana do Staphylococcus aureus (um dos principais agentes respons\u00e1veis por infe\u00e7\u00f5es adquiridas em meio hospitalar e comunit\u00e1rio)\u201d e \u201cos mecanismos cerebrais do comportamento social e da empatia\u201d.<\/p>\n<p>A investiga\u00e7\u00e3o de Ana Eul\u00e1lio, l\u00edder do grupo RNA &amp; Infe\u00e7\u00e3o do CNC-UC, vai estudar \u201ca sobreviv\u00eancia intracelular e a resist\u00eancia aos antibi\u00f3ticos da bact\u00e9ria Staphylococcus aureus\u201d. A investigadora explica em comunicado que \u201co objetivo deste projeto \u00e9 identificar os fatores gen\u00e9ticos que permitem ao Staphylococcus aureus invadir, sobreviver e replicar-se em diferentes tipos de c\u00e9lulas hospedeiras\u201d. O trabalho visa melhorar estrat\u00e9gias terap\u00eauticas contra infe\u00e7\u00f5es provocadas por este pat\u00f3geno e \u201cpode vir a contribuir para uma mudan\u00e7a de paradigma no tratamento das infe\u00e7\u00f5es por Staphylococcus aureus\u201d. O projeto \u201cEstudo da sobreviv\u00eancia intracelular e da resist\u00eancia aos antibi\u00f3ticos de Staphylococcus aureus\u201d \u00e9 financiado com 473 902,70 euros.<\/p>\n<p>O projeto coordenado por Cristina M\u00e1rquez, l\u00edder do grupo Circuitos Neuronais do Comportamento Social, procura \u201cdescodificar os mecanismos cerebrais subjacentes \u00e0 empatia e ao comportamento social, isto \u00e9, descobrir como \u00e9 que o c\u00e9rebro compreende e responde \u00e0s emo\u00e7\u00f5es das outras pessoas\u201d. A investigadora sublinha que \u201capesar da sua import\u00e2ncia, os mecanismos cerebrais respons\u00e1veis pelo processamento da informa\u00e7\u00e3o social continuam em grande parte por desvendar\u201d. A compreens\u00e3o de como o c\u00e9rebro percebe os estados de recompensa dos outros poder\u00e1 abrir caminho a tratamentos para perturba\u00e7\u00f5es como a depress\u00e3o e o autismo. O projeto resulta de um cons\u00f3rcio com o investigador Alexandre Charlet, do Institute for Cellular and Integrative Neuroscience, e o trabalho \u201cCircuitos neurais subjacentes \u00e0 perce\u00e7\u00e3o das emo\u00e7\u00f5es dos outros\u201d \u00e9 financiado em 999 930 euros.<\/p>\n<p>Na oitava edi\u00e7\u00e3o do concurso promovido pela Funda\u00e7\u00e3o \u201dla Caixa\u201d, \u201cforam apresentadas 714 propostas de investiga\u00e7\u00e3o b\u00e1sica, cl\u00ednica e translacional\u201d. Os projetos selecionados em 2025 s\u00e3o liderados por \u201c25 centros de investiga\u00e7\u00e3o, universidades e hospitais espanh\u00f3is, e 9 portugueses\u201d. O concurso conta com a colabora\u00e7\u00e3o da Funda\u00e7\u00e3o para a Ci\u00eancia e a Tecnologia (FCT), que \u201cdestina 1,8 milh\u00f5es de euros para financiar tr\u00eas dos nove projetos portugueses premiados nesta edi\u00e7\u00e3o\u201d.<\/p>\n<p>A cerim\u00f3nia de entrega das bolsas decorre hoje, dia 20, no Museu de Ci\u00eancia CosmoCaixa, em Barcelona.<\/p>\n<p>__<\/p>\n<p><b>A sua newsletter de sempre, agora ainda mais \u00fatil<\/b><\/p>\n<p>Com o lan\u00e7amento da nova marca de informa\u00e7\u00e3o\u00a0<b>24not\u00edcias<\/b>, estamos a mudar a plataforma de newsletters, aproveitando para refor\u00e7ar a informa\u00e7\u00e3o que os leitores mais valorizam:\u00a0<b>a que lhes \u00e9 \u00fatil, ajuda a tomar decis\u00f5es e a entender o mundo.<\/b><\/p>\n<p><b>Assine a nova newsletter do 24not\u00edcias\u00a0<\/b><a href=\"https:\/\/sapo.us1.list-manage.com\/subscribe?u=8f49263740b14ab5854be8045&amp;id=57a39c5e8f\" rel=\"nofollow noopener\" target=\"_blank\"><b>aqui<\/b><\/a><b>.<\/b><\/p>\n","protected":false},"excerpt":{"rendered":"Acompanhe toda a atualidade informativa em\u00a024noticias.sapo.pt Os projetos v\u00e3o investigar \u201ca sobreviv\u00eancia intracelular e resist\u00eancia microbiana do Staphylococcus&hellip;\n","protected":false},"author":2,"featured_media":159040,"comment_status":"","ping_status":"","sticky":false,"template":"","format":"standard","meta":{"footnotes":""},"categories":[10],"tags":[27,28,15,16,14,25,26,21,22,12,13,19,20,32,23,24,33,17,18,29,30,31],"class_list":{"0":"post-159039","1":"post","2":"type-post","3":"status-publish","4":"format-standard","5":"has-post-thumbnail","7":"category-portugal","8":"tag-breaking-news","9":"tag-breakingnews","10":"tag-featured-news","11":"tag-featurednews","12":"tag-headlines","13":"tag-latest-news","14":"tag-latestnews","15":"tag-main-news","16":"tag-mainnews","17":"tag-news","18":"tag-noticias","19":"tag-noticias-principais","20":"tag-noticiasprincipais","21":"tag-portugal","22":"tag-principais-noticias","23":"tag-principaisnoticias","24":"tag-pt","25":"tag-top-stories","26":"tag-topstories","27":"tag-ultimas","28":"tag-ultimas-noticias","29":"tag-ultimasnoticias"},"share_on_mastodon":{"url":"https:\/\/pubeurope.com\/@pt\/115583170118035108","error":""},"_links":{"self":[{"href":"https:\/\/www.europesays.com\/pt\/wp-json\/wp\/v2\/posts\/159039","targetHints":{"allow":["GET"]}}],"collection":[{"href":"https:\/\/www.europesays.com\/pt\/wp-json\/wp\/v2\/posts"}],"about":[{"href":"https:\/\/www.europesays.com\/pt\/wp-json\/wp\/v2\/types\/post"}],"author":[{"embeddable":true,"href":"https:\/\/www.europesays.com\/pt\/wp-json\/wp\/v2\/users\/2"}],"replies":[{"embeddable":true,"href":"https:\/\/www.europesays.com\/pt\/wp-json\/wp\/v2\/comments?post=159039"}],"version-history":[{"count":0,"href":"https:\/\/www.europesays.com\/pt\/wp-json\/wp\/v2\/posts\/159039\/revisions"}],"wp:featuredmedia":[{"embeddable":true,"href":"https:\/\/www.europesays.com\/pt\/wp-json\/wp\/v2\/media\/159040"}],"wp:attachment":[{"href":"https:\/\/www.europesays.com\/pt\/wp-json\/wp\/v2\/media?parent=159039"}],"wp:term":[{"taxonomy":"category","embeddable":true,"href":"https:\/\/www.europesays.com\/pt\/wp-json\/wp\/v2\/categories?post=159039"},{"taxonomy":"post_tag","embeddable":true,"href":"https:\/\/www.europesays.com\/pt\/wp-json\/wp\/v2\/tags?post=159039"}],"curies":[{"name":"wp","href":"https:\/\/api.w.org\/{rel}","templated":true}]}}