{"id":159049,"date":"2025-11-20T17:24:12","date_gmt":"2025-11-20T17:24:12","guid":{"rendered":"https:\/\/www.europesays.com\/pt\/159049\/"},"modified":"2025-11-20T17:24:12","modified_gmt":"2025-11-20T17:24:12","slug":"com-entrada-gratuita-show-das-guerreiras-do-k-pop-acontece-no-abc-paulista-com-brincadeiras-infantis","status":"publish","type":"post","link":"https:\/\/www.europesays.com\/pt\/159049\/","title":{"rendered":"Com entrada gratuita, show das Guerreiras do K-Pop acontece no ABC Paulista com brincadeiras infantis"},"content":{"rendered":"\n<p data-path-to-node=\"6\">O programa de domingo est\u00e1 garantido no ABC com muita divers\u00e3o e m\u00fasica! O <a href=\"https:\/\/www.instagram.com\/quintalsantoandre\/\" target=\"_blank\" rel=\"noopener nofollow\"><b>Quintal Santo Andr\u00e9<\/b><\/a> (Rua das Figueiras, 420 \u2013 Jardim, Santo Andr\u00e9 \u2013 SP) recebe neste <b>domingo, 23 de novembro<\/b>, o evento especial <b>\u201cBrincadeiras no Quintal\u201d<\/b>, com a atra\u00e7\u00e3o <b>Guerreiras do K-Pop<\/b>.<\/p>\n<p data-path-to-node=\"6\">A casa abre \u00e0s <b>12h<\/b> e a grande not\u00edcia \u00e9 que a <b>entrada \u00e9 gratuita para adultos at\u00e9 as 14h<\/b> (ap\u00f3s este hor\u00e1rio, o valor \u00e9 R$20 para adultos). <b>Crian\u00e7as at\u00e9 11 anos n\u00e3o pagam<\/b> a entrada em nenhum hor\u00e1rio. O local oferece Espa\u00e7o Kids, monitoria e m\u00fasica ao vivo o dia todo, mas \u00e9 fundamental <b>reservar sua mesa<\/b> antecipadamente <strong>pelo Whatsapp<\/strong> <strong>abaixo.<\/strong><\/p>\n<p>  <img loading=\"lazy\" decoding=\"async\" class=\"wp-image-125838 size-full\" src=\"https:\/\/www.europesays.com\/pt\/wp-content\/uploads\/2025\/11\/Guerreiras-do-K-pop.jpg\" alt=\"Guerreiras do K-pop\" width=\"1350\" height=\"1688\"  \/>Imagem: Reprodu\u00e7\u00e3o\/Instagram @quintalsantoandre K-Pop, brinqued\u00e3o e intera\u00e7\u00e3o com as crian\u00e7as <\/p>\n<p data-path-to-node=\"9\">O <strong>Quintal Santo Andr\u00e9<\/strong> garante um ambiente amplo e confort\u00e1vel para que a fam\u00edlia inteira aproveite o domingo. O show das <strong>Guerreiras do K-Pop<\/strong> \u00e9 o grande destaque da programa\u00e7\u00e3o infantil:<\/p>\n<ul>\n<li data-path-to-node=\"10,0,0\"><b>Show e Intera\u00e7\u00e3o:<\/b> A apresenta\u00e7\u00e3o come\u00e7a \u00e0s <b>12h30<\/b>. As Guerreiras do K-Pop ficam interagindo nas mesas e no Espa\u00e7o Kids para fotos at\u00e9 as <b>15h<\/b>, prolongando a divers\u00e3o.<\/li>\n<li data-path-to-node=\"10,1,0\"><b>Lazer Infantil Completo:<\/b> O local conta com <b>Brinqued\u00e3o<\/b>, <b>Espa\u00e7o Kids<\/b> e servi\u00e7o de <b>Monitoria<\/b>, garantindo que os pais relaxem enquanto os filhos brincam.<\/li>\n<li data-path-to-node=\"10,2,0\"><b>Parque dos Infl\u00e1veis:<\/b> H\u00e1 um parque especial de infl\u00e1veis. O acesso a esse parque custa apenas <b>R$10<\/b> e a crian\u00e7a pode brincar \u00e0 vontade.<\/li>\n<\/ul>\n<p>  <img loading=\"lazy\" decoding=\"async\" class=\"wp-image-121177 size-full\" src=\"https:\/\/www.europesays.com\/pt\/wp-content\/uploads\/2025\/11\/Guerreiras-do-K-Pop-.jpeg\" alt=\"Guerreiras do K-Pop\" width=\"1280\" height=\"720\"  \/>Imagem: Reprodu\u00e7\u00e3o\/Guerreiras do K-Pop Almo\u00e7o confort\u00e1vel com m\u00fasica e gastronomia de primeira <\/p>\n<p data-path-to-node=\"12\">Mesmo depois que a <strong>atra\u00e7\u00e3o K-Pop<\/strong> for embora (ap\u00f3s as 15h), a \u00e1rea kids continua funcionando e a casa segue normalmente. O Quintal oferece <b>gastronomia de primeira<\/b> e <b>m\u00fasica ao vivo<\/b> o dia todo, ideal para um almo\u00e7o em fam\u00edlia. O local ainda oferece a comodidade de <b>servi\u00e7o de valet<\/b> para os clientes.<\/p>\n<p> Informa\u00e7\u00f5es <\/p>\n<ul>\n<li data-path-to-node=\"15,0,0\"><b>Evento:<\/b> Brincadeiras no Quintal \u2013 Guerreiras do K-Pop<\/li>\n<li data-path-to-node=\"15,1,0\"><b>Data:<\/b> 23 de novembro de 2025 (Domingo)<\/li>\n<li data-path-to-node=\"15,2,0\"><b>Abertura da Casa:<\/b> 12h<\/li>\n<li data-path-to-node=\"15,3,0\"><b>Show K-Pop e Intera\u00e7\u00e3o:<\/b> 12h30 at\u00e9 15h<\/li>\n<li data-path-to-node=\"15,4,0\"><b>Entrada: <\/b>Adulto: Gratuita at\u00e9 14h. Ap\u00f3s 14h, R$ 20. | Crian\u00e7as: At\u00e9 11 anos n\u00e3o pagam entrada (gratuito o dia todo).<\/li>\n<li data-path-to-node=\"15,5,0\"><b>Atra\u00e7\u00f5es Kids:<\/b> Brinqued\u00e3o, Espa\u00e7o Kids, Monitoria. (Infl\u00e1veis: R$ 10, brinca \u00e0 vontade).<\/li>\n<li data-path-to-node=\"15,6,0\"><b>Local:<\/b> Quintal Santo Andr\u00e9 (Quintal do Espeto)<\/li>\n<li data-path-to-node=\"15,7,0\"><b>Endere\u00e7o:<\/b> Rua das Figueiras, 420 \u2013 Jardim, Santo Andr\u00e9 \u2013 SP<\/li>\n<li data-path-to-node=\"15,8,0\"><b>Reservas (Obrigat\u00f3rias): <\/b>Whatsapp (11) 98314-0100 ou telefone (11) 5095-6565<\/li>\n<li data-path-to-node=\"15,8,0\"><strong>Instagram: <a href=\"https:\/\/www.instagram.com\/quintalsantoandre\/\" target=\"_blank\" rel=\"noopener nofollow\">@quintalsantoandre<\/a><\/strong><\/li>\n<\/ul>\n<p>  <img loading=\"lazy\" decoding=\"async\" class=\"wp-image-117013 size-full\" src=\"https:\/\/www.europesays.com\/pt\/wp-content\/uploads\/2025\/11\/guerreiras-do-pop-teatro-1.jpeg\" alt=\"Adapta\u00e7\u00e3o teatral de Guerreiras do K-Pop\" width=\"1200\" height=\"896\"  \/>Imagem: Divulga\u00e7\u00e3o\/Ilustra\u00e7\u00e3o <\/p>\n<p data-path-to-node=\"18\">Com entrada <strong>gratuita para adultos at\u00e9 as 14h e crian\u00e7as at\u00e9 11 anos liberadas o dia todo<\/strong>, este \u00e9 o programa imperd\u00edvel para o domingo no ABC! Garanta sua reserva o quanto antes, leve a fam\u00edlia para curtir o <strong>show de K-Pop<\/strong> e aproveite o lazer completo no <strong>Quintal Santo Andr\u00e9.<\/strong><\/p>\n<p><strong>Quer saber mais na palma da sua m\u00e3o?<\/strong><\/p>\n<p> <strong><a style=\"color: #008000;\" href=\"https:\/\/vipzinho.com.br\/whatstodos\" rel=\"nofollow noopener\" target=\"_blank\">Fa\u00e7a parte do nosso grupo de WhatsApp e receba boletins di\u00e1rios com tudo para as crian\u00e7as. Clique aqui e participe!<\/a>\u00a0<\/strong>  \t\t\t\t \t\t \t\t \t\t \t<script async src=\"\/\/www.instagram.com\/embed.js\"><\/script><\/p>\n","protected":false},"excerpt":{"rendered":"O programa de domingo est\u00e1 garantido no ABC com muita divers\u00e3o e m\u00fasica! O Quintal Santo Andr\u00e9 (Rua&hellip;\n","protected":false},"author":2,"featured_media":159050,"comment_status":"","ping_status":"","sticky":false,"template":"","format":"standard","meta":{"footnotes":""},"categories":[141],"tags":[2301,33924,114,115,4550,149,150,32,33,33925,33926,2289],"class_list":{"0":"post-159049","1":"post","2":"type-post","3":"status-publish","4":"format-standard","5":"has-post-thumbnail","7":"category-musica","8":"tag-abc-paulista","9":"tag-brincadeiras-no-quintal","10":"tag-entertainment","11":"tag-entretenimento","12":"tag-guerreiras-do-k-pop","13":"tag-music","14":"tag-musica","15":"tag-portugal","16":"tag-pt","17":"tag-quintal-do-espeto","18":"tag-quintal-santo-andre","19":"tag-santo-andre"},"share_on_mastodon":{"url":"https:\/\/pubeurope.com\/@pt\/115583193577674484","error":""},"_links":{"self":[{"href":"https:\/\/www.europesays.com\/pt\/wp-json\/wp\/v2\/posts\/159049","targetHints":{"allow":["GET"]}}],"collection":[{"href":"https:\/\/www.europesays.com\/pt\/wp-json\/wp\/v2\/posts"}],"about":[{"href":"https:\/\/www.europesays.com\/pt\/wp-json\/wp\/v2\/types\/post"}],"author":[{"embeddable":true,"href":"https:\/\/www.europesays.com\/pt\/wp-json\/wp\/v2\/users\/2"}],"replies":[{"embeddable":true,"href":"https:\/\/www.europesays.com\/pt\/wp-json\/wp\/v2\/comments?post=159049"}],"version-history":[{"count":0,"href":"https:\/\/www.europesays.com\/pt\/wp-json\/wp\/v2\/posts\/159049\/revisions"}],"wp:featuredmedia":[{"embeddable":true,"href":"https:\/\/www.europesays.com\/pt\/wp-json\/wp\/v2\/media\/159050"}],"wp:attachment":[{"href":"https:\/\/www.europesays.com\/pt\/wp-json\/wp\/v2\/media?parent=159049"}],"wp:term":[{"taxonomy":"category","embeddable":true,"href":"https:\/\/www.europesays.com\/pt\/wp-json\/wp\/v2\/categories?post=159049"},{"taxonomy":"post_tag","embeddable":true,"href":"https:\/\/www.europesays.com\/pt\/wp-json\/wp\/v2\/tags?post=159049"}],"curies":[{"name":"wp","href":"https:\/\/api.w.org\/{rel}","templated":true}]}}