{"id":159053,"date":"2025-11-20T17:28:19","date_gmt":"2025-11-20T17:28:19","guid":{"rendered":"https:\/\/www.europesays.com\/pt\/159053\/"},"modified":"2025-11-20T17:28:19","modified_gmt":"2025-11-20T17:28:19","slug":"camila-vitorino-leva-cravos-e-marcas-militares-ao-desfile-da-miss-universo","status":"publish","type":"post","link":"https:\/\/www.europesays.com\/pt\/159053\/","title":{"rendered":"Camila Vitorino leva cravos e marcas militares ao desfile da Miss Universo"},"content":{"rendered":"<p data-remotead-prev-elm=\"true\" data-remotead-elm-id=\"inread\">&#8220;A uni\u00e3o entre o uniforme militar e o cravo no traje destaca esta mensagem: transformar conflito em esperan\u00e7a&#8221;, justifica a candidata portuguesa a Miss Universo. Camila Vitorino est\u00e1 a representar a bandeira nacional em Banguecoque, na Tail\u00e2ndia, no concurso Miss Universo, certame que tem estado envolto em <a href=\"https:\/\/www.jn.pt\/pessoas\/artigo\/es-burra-polemica-na-miss-universo-com-insultos-protestos-e-policia-no-hotel-das-candidatas\/18016757\" target=\"_blank\" rel=\"nofollow noopener\">pol\u00e9mica e pedidos de desculpa por insultos a candidatas<\/a>.<\/p>\n<p>Na prova do traje tradicional, a<a href=\"https:\/\/www.jn.pt\/delas\/artigo\/quero-acabar-com-o-estigma-de-que-a-maternidade-e-limitante-diz-miss-universo-portugal\/17752379\" target=\"_blank\" rel=\"nofollow noopener\"> primeira portuguesa casada e m\u00e3e a concurso<\/a> apresenta-se com vestido de causa que evoca o universo dos uniformes militares, mas com cravos vermelhos dispostos ao longo de toda a pe\u00e7a. Da autoria de Ant\u00f3nio da Silva, esta cria\u00e7\u00e3o pretende evocar Celeste Caeiro, a mulher que ofereceu cravos em dia de revolu\u00e7\u00e3o, 25 de abril de 1974, e trazer para o palco a simbologia da paz e da liberdade.<\/p>\n<p data-remotead-prev-elm=\"true\" data-remotead-elm-id=\"centro1\">&#8220;\u00c9 uma celebra\u00e7\u00e3o da coragem tranquila que ajudou a construir um novo cap\u00edtulo da hist\u00f3ria portuguesa&#8221;, justificou a candidata portuguesa nas suas redes sociais.<\/p>\n<p>Acusa\u00e7\u00f5es de manipula\u00e7\u00e3o e rela\u00e7\u00f5es privilegiadas na Miss Universo<\/p>\n<p>Primeiro, a 6 de novembro, o diretor-executivo tailand\u00eas Nawat Itsaragrisil foi filmado a insultar a Miss M\u00e9xico, F\u00e1tima Bosch, chamando-lhe &#8220;burra&#8221; perante dezenas de candidatas. O incidente levou a que v\u00e1rias candidatas abandonassem a sala, que a pol\u00e9mica corresse mundo e que o respons\u00e1vel fosse obrigado a recuar e a pedir desculpa Em declara\u00e7\u00f5es ao JN, o diretor da delega\u00e7\u00e3o portuguesa Ricardo Monteverde revelou que &#8220;Camila [candidata portuguesa] ficou perplexa, n\u00e3o gostou. Praticamente todas as meninas estavam com um ar estupefacto, quase sem rea\u00e7\u00f5es. Houve um grupo pequeno que abandonou a sala em defesa da Miss M\u00e9xico&#8221;, relatou.<\/p>\n<p>Agora, na quarta-feira, 19 de novembro, o jornal New York Times e a BBC avan\u00e7aram que o jurado e m\u00fasico franco-liban\u00eas Omar Harfouch renunciou \u00e0 fun\u00e7\u00e3o ap\u00f3s ter acusado a organiza\u00e7\u00e3o de manipula\u00e7\u00e3o por ter &#8220;criado&#8221; um j\u00fari improvisado que tinha j\u00e1 pr\u00e9-escolhido as finalistas. Uma den\u00fancia que se soma a outra e que aponta para a exist\u00eancia de rela\u00e7\u00f5es pessoais entre alguns dos jurados e concorrentes. A final ser\u00e1 disputa esta quinta-feira, 20 de novembro, e ser\u00b4poss\u00edvel acmpanhar a partir do canal oficial da Miss Universo no YouTube.<\/p>\n","protected":false},"excerpt":{"rendered":"&#8220;A uni\u00e3o entre o uniforme militar e o cravo no traje destaca esta mensagem: transformar conflito em esperan\u00e7a&#8221;,&hellip;\n","protected":false},"author":2,"featured_media":159054,"comment_status":"","ping_status":"","sticky":false,"template":"","format":"standard","meta":{"footnotes":""},"categories":[85],"tags":[33927,13825,20491,114,115,31479,3968,32,33],"class_list":{"0":"post-159053","1":"post","2":"type-post","3":"status-publish","4":"format-standard","5":"has-post-thumbnail","7":"category-entretenimento","8":"tag-camila-vitorino","9":"tag-concurso","10":"tag-delas","11":"tag-entertainment","12":"tag-entretenimento","13":"tag-miss-universo","14":"tag-mulher","15":"tag-portugal","16":"tag-pt"},"share_on_mastodon":{"url":"https:\/\/pubeurope.com\/@pt\/115583208832230396","error":""},"_links":{"self":[{"href":"https:\/\/www.europesays.com\/pt\/wp-json\/wp\/v2\/posts\/159053","targetHints":{"allow":["GET"]}}],"collection":[{"href":"https:\/\/www.europesays.com\/pt\/wp-json\/wp\/v2\/posts"}],"about":[{"href":"https:\/\/www.europesays.com\/pt\/wp-json\/wp\/v2\/types\/post"}],"author":[{"embeddable":true,"href":"https:\/\/www.europesays.com\/pt\/wp-json\/wp\/v2\/users\/2"}],"replies":[{"embeddable":true,"href":"https:\/\/www.europesays.com\/pt\/wp-json\/wp\/v2\/comments?post=159053"}],"version-history":[{"count":0,"href":"https:\/\/www.europesays.com\/pt\/wp-json\/wp\/v2\/posts\/159053\/revisions"}],"wp:featuredmedia":[{"embeddable":true,"href":"https:\/\/www.europesays.com\/pt\/wp-json\/wp\/v2\/media\/159054"}],"wp:attachment":[{"href":"https:\/\/www.europesays.com\/pt\/wp-json\/wp\/v2\/media?parent=159053"}],"wp:term":[{"taxonomy":"category","embeddable":true,"href":"https:\/\/www.europesays.com\/pt\/wp-json\/wp\/v2\/categories?post=159053"},{"taxonomy":"post_tag","embeddable":true,"href":"https:\/\/www.europesays.com\/pt\/wp-json\/wp\/v2\/tags?post=159053"}],"curies":[{"name":"wp","href":"https:\/\/api.w.org\/{rel}","templated":true}]}}