{"id":159065,"date":"2025-11-20T17:35:08","date_gmt":"2025-11-20T17:35:08","guid":{"rendered":"https:\/\/www.europesays.com\/pt\/159065\/"},"modified":"2025-11-20T17:35:08","modified_gmt":"2025-11-20T17:35:08","slug":"pintura-de-frida-kahlo-pode-ser-a-obra-mais-cara-em-leilao-criada-por-uma-mulher","status":"publish","type":"post","link":"https:\/\/www.europesays.com\/pt\/159065\/","title":{"rendered":"Pintura de Frida Kahlo pode ser a obra mais cara em leil\u00e3o criada por uma mulher"},"content":{"rendered":"<p id=\"block-1\">O autorretrato surrealista &#8220;O Sonho (A Cama)&#8221;, da pintora mexicana Frida Kahlo, que ser\u00e1 hoje leiloado em Nova Iorque, pode bater um recorde e tornar-se a obra de arte mais cara alguma vez criada por uma mulher.<\/p>\n<p id=\"block-2\">A Sotheby&#8217;s, em Nova Iorque, descreve a pintura como uma das &#8220;mais comoventes&#8221; e &#8220;impactantes&#8221; da produ\u00e7\u00e3o art\u00edstica de Kahlo.<\/p>\n<p id=\"block-3\">A leiloeira prev\u00ea que &#8220;O Sonho (A Cama)&#8221;, pintada em 1940, seja arrematada por um valor entre os 40 e os 60 milh\u00f5es de d\u00f3lares (entre os 34,6 e os 42 milh\u00f5es de euros, \u00e0 taxa de c\u00e2mbio atual).<\/p>\n<p id=\"block-4\">Atualmente, a artista norte-americana Georgia O&#8217;Keeffe e a sua obra &#8220;Jimson Weed\/White Flower No.&#8221; det\u00eam o recorde da pintura mais cara alguma vez feita por uma mulher, vendida por 44 milh\u00f5es de d\u00f3lares (38,1 milh\u00f5es de euros).<\/p>\n<p id=\"block-5\">Al\u00e9m disso, se a pintura for vendida por mais de 34,9 milh\u00f5es de d\u00f3lares (30 milh\u00f5es de euros), tornar-se-\u00e1 a obra mais cara da artista mexicana.<\/p>\n<p id=\"block-6\">Kahlo pintou &#8220;O Sonho (A Cama)&#8221; durante um per\u00edodo particularmente turbulento da sua vida, quando a sua sa\u00fade se deteriorou nesse ano devido \u00e0 poliomielite e \u00e0s complica\u00e7\u00f5es de um acidente de autocarro sofrido em 1925.<\/p>\n<p id=\"block-7\">Por conseguinte, a artista mexicana evoca a morte na pintura, retratando-se adormecida numa cama de madeira, envolta numa manta dourada bordada com videiras e folhas.<\/p>\n<p id=\"block-8\">Por cima da cama, encontra-se um esqueleto em tamanho real envolto em dinamite, segurando um ramo de flores e repousando sobre almofadas.<\/p>\n","protected":false},"excerpt":{"rendered":"O autorretrato surrealista &#8220;O Sonho (A Cama)&#8221;, da pintora mexicana Frida Kahlo, que ser\u00e1 hoje leiloado em Nova&hellip;\n","protected":false},"author":2,"featured_media":159066,"comment_status":"","ping_status":"","sticky":false,"template":"","format":"standard","meta":{"footnotes":""},"categories":[144],"tags":[207,205,206,203,201,202,204,114,115,32,33],"class_list":{"0":"post-159065","1":"post","2":"type-post","3":"status-publish","4":"format-standard","5":"has-post-thumbnail","7":"category-arte-e-design","8":"tag-arte","9":"tag-arte-e-design","10":"tag-artedesign","11":"tag-arts","12":"tag-arts-and-design","13":"tag-artsanddesign","14":"tag-design","15":"tag-entertainment","16":"tag-entretenimento","17":"tag-portugal","18":"tag-pt"},"share_on_mastodon":{"url":"https:\/\/pubeurope.com\/@pt\/115583236377643793","error":""},"_links":{"self":[{"href":"https:\/\/www.europesays.com\/pt\/wp-json\/wp\/v2\/posts\/159065","targetHints":{"allow":["GET"]}}],"collection":[{"href":"https:\/\/www.europesays.com\/pt\/wp-json\/wp\/v2\/posts"}],"about":[{"href":"https:\/\/www.europesays.com\/pt\/wp-json\/wp\/v2\/types\/post"}],"author":[{"embeddable":true,"href":"https:\/\/www.europesays.com\/pt\/wp-json\/wp\/v2\/users\/2"}],"replies":[{"embeddable":true,"href":"https:\/\/www.europesays.com\/pt\/wp-json\/wp\/v2\/comments?post=159065"}],"version-history":[{"count":0,"href":"https:\/\/www.europesays.com\/pt\/wp-json\/wp\/v2\/posts\/159065\/revisions"}],"wp:featuredmedia":[{"embeddable":true,"href":"https:\/\/www.europesays.com\/pt\/wp-json\/wp\/v2\/media\/159066"}],"wp:attachment":[{"href":"https:\/\/www.europesays.com\/pt\/wp-json\/wp\/v2\/media?parent=159065"}],"wp:term":[{"taxonomy":"category","embeddable":true,"href":"https:\/\/www.europesays.com\/pt\/wp-json\/wp\/v2\/categories?post=159065"},{"taxonomy":"post_tag","embeddable":true,"href":"https:\/\/www.europesays.com\/pt\/wp-json\/wp\/v2\/tags?post=159065"}],"curies":[{"name":"wp","href":"https:\/\/api.w.org\/{rel}","templated":true}]}}