{"id":159067,"date":"2025-11-20T17:37:09","date_gmt":"2025-11-20T17:37:09","guid":{"rendered":"https:\/\/www.europesays.com\/pt\/159067\/"},"modified":"2025-11-20T17:37:09","modified_gmt":"2025-11-20T17:37:09","slug":"o-que-anda-a-fazer-catarina-miranda-o-trabalho-que-ninguem-imaginava-que-teria-dois-as-10","status":"publish","type":"post","link":"https:\/\/www.europesays.com\/pt\/159067\/","title":{"rendered":"O que anda a fazer Catarina Miranda? O trabalho que ningu\u00e9m imaginava que teria &#8211; Dois \u00e0s 10"},"content":{"rendered":"<p>                        Catarina Miranda ser\u00e1 a protagonista do novo videoclipe de um cantor conhecido.<\/p>\n<p><strong>Catarina Miranda<\/strong> ser\u00e1 a protagonista do novo videoclipe de <strong>S\u00e9rgio Rossi<\/strong>. A novidade foi divulgada pelo cantor nas redes sociais.<\/p>\n<p><strong>\u00abApresento-vos a protagonista do meu novo videoclipe: a querida Catarina Miranda\u00bb<\/strong>, escreveu o artista na legenda da publica\u00e7\u00e3o que partilhou no Instagram.<\/p>\n<p><strong>\u00abEstivemos em grava\u00e7\u00f5es por estes dias e acreditem que estou ansioso por vos mostrar o nosso novo single. O que acham?&#8221;<\/strong>, conclui o cantor.<\/p>\n","protected":false},"excerpt":{"rendered":"Catarina Miranda ser\u00e1 a protagonista do novo videoclipe de um cantor conhecido. Catarina Miranda ser\u00e1 a protagonista do&hellip;\n","protected":false},"author":2,"featured_media":131726,"comment_status":"","ping_status":"","sticky":false,"template":"","format":"standard","meta":{"footnotes":""},"categories":[142],"tags":[342,329,166,3412,3406,3409,801,3410,3411,3407,3408,114,115,3413,338,32,33,151],"class_list":{"0":"post-159067","1":"post","2":"type-post","3":"status-publish","4":"format-standard","5":"has-post-thumbnail","7":"category-tv","8":"tag-catarina-miranda","9":"tag-claudio-ramos","10":"tag-cristina-ferreira","11":"tag-dois-10","12":"tag-dois-a-s-10-dois-a-s-10","13":"tag-dois-a-s-dez","14":"tag-dois-as-10","15":"tag-dois-as-dez","16":"tag-dois-dez","17":"tag-doisas10","18":"tag-doisasdez","19":"tag-entertainment","20":"tag-entretenimento","21":"tag-manha-tvi","22":"tag-maria-botelho-moniz","23":"tag-portugal","24":"tag-pt","25":"tag-tv"},"share_on_mastodon":{"url":"https:\/\/pubeurope.com\/@pt\/115583244443683894","error":""},"_links":{"self":[{"href":"https:\/\/www.europesays.com\/pt\/wp-json\/wp\/v2\/posts\/159067","targetHints":{"allow":["GET"]}}],"collection":[{"href":"https:\/\/www.europesays.com\/pt\/wp-json\/wp\/v2\/posts"}],"about":[{"href":"https:\/\/www.europesays.com\/pt\/wp-json\/wp\/v2\/types\/post"}],"author":[{"embeddable":true,"href":"https:\/\/www.europesays.com\/pt\/wp-json\/wp\/v2\/users\/2"}],"replies":[{"embeddable":true,"href":"https:\/\/www.europesays.com\/pt\/wp-json\/wp\/v2\/comments?post=159067"}],"version-history":[{"count":0,"href":"https:\/\/www.europesays.com\/pt\/wp-json\/wp\/v2\/posts\/159067\/revisions"}],"wp:featuredmedia":[{"embeddable":true,"href":"https:\/\/www.europesays.com\/pt\/wp-json\/wp\/v2\/media\/131726"}],"wp:attachment":[{"href":"https:\/\/www.europesays.com\/pt\/wp-json\/wp\/v2\/media?parent=159067"}],"wp:term":[{"taxonomy":"category","embeddable":true,"href":"https:\/\/www.europesays.com\/pt\/wp-json\/wp\/v2\/categories?post=159067"},{"taxonomy":"post_tag","embeddable":true,"href":"https:\/\/www.europesays.com\/pt\/wp-json\/wp\/v2\/tags?post=159067"}],"curies":[{"name":"wp","href":"https:\/\/api.w.org\/{rel}","templated":true}]}}