{"id":159068,"date":"2025-11-20T17:38:10","date_gmt":"2025-11-20T17:38:10","guid":{"rendered":"https:\/\/www.europesays.com\/pt\/159068\/"},"modified":"2025-11-20T17:38:10","modified_gmt":"2025-11-20T17:38:10","slug":"a-musica-do-mastodon-que-e-a-preferida-de-rob-halford","status":"publish","type":"post","link":"https:\/\/www.europesays.com\/pt\/159068\/","title":{"rendered":"A m\u00fasica do Mastodon que \u00e9 a preferida de Rob Halford"},"content":{"rendered":"<p>Com mais de duas d\u00e9cadas de estrada, o <a href=\"https:\/\/whiplash.net\/bandas\/m\/mastodon.html\" class=\"hotwords\" rel=\"nofollow noopener\" target=\"_blank\">Mastodon<\/a> se consolidou como um dos nomes mais inventivos do metal contempor\u00e2neo. A combina\u00e7\u00e3o de riffs densos, atmosfera progressiva e composi\u00e7\u00f5es arrojadas consagrou o grupo como uma for\u00e7a criativa da m\u00fasica pesada.<\/p>\n<p>O Mastodon conta com muitos admiradores, dentre os quais est\u00e1 uma das maiores lendas da hist\u00f3ria do heavy metal: Rob Halford, vocalista do Judas Priest. Conhecido como &#8220;Metal God&#8221;, o ic\u00f4nico frontman brit\u00e2nico foi convidado pela equipe da <a href=\"https:\/\/www.revolvermag.com\/feature\/judas-priests-rob-halford-picks-favorite-mastodon-song\/\" rel=\"nofollow noopener\" target=\"_blank\">Revolver Magazine<\/a> a citar qual m\u00fasica da banda estadunidense considera sua preferida.<\/p>\n<p><a href=\"https:\/\/whiplash.net\/bandas\/m\/mastodon.html\" class=\"linkBotao\" rel=\"nofollow noopener\" target=\"_blank\">Mastodon &#8211; Mais Novidades<\/a><\/p>\n<p>CONTINUA DEPOIS DA PUBLICIDADE &#8211; CLI<\/p>\n<p>&#13;<br \/>\n&#13;<br \/>\n&#13;<br \/>\n&#13;<br \/>\n&#13;<br \/>\n&#13;<br \/>\n&#13;<br \/>\n&#13;<br \/>\n<a href=\"https:\/\/whiplash.net\/materias\/whiplash\/027002.html\" rel=\"nofollow noopener\" target=\"_blank\"><img decoding=\"async\" src=\"https:\/\/www.europesays.com\/pt\/wp-content\/uploads\/2025\/10\/1760413028_813_anunciar_diabo_336x280.gif\" loading=\"lazy\" width=\"336\" height=\"280\" class=\"widthConstrained\" style=\"background-color:#000000;display:block;\" alt=\"Anunciar bandas e shows de Rock e Heavy Metal\"\/><\/a>&#13;<\/p>\n<p><a target=\"_blank\" href=\"https:\/\/www.europesays.com\/pt\/wp-content\/uploads\/2025\/08\/rob_halford_celestial_publicity_by_sam_erickson.jpg\"><img loading=\"lazy\" decoding=\"async\" src=\"https:\/\/www.europesays.com\/pt\/wp-content\/uploads\/2025\/08\/rob_halford_celestial_publicity_by_sam_erickson.jpg\" class=\"widthConstrained\" width=\"700\" height=\"467\" alt=\"Foto: Sam Erickson\"\/><\/a>Foto: Sam Erickson<\/p>\n<p>Halford n\u00e3o apenas elegeu sua can\u00e7\u00e3o favorita, como tamb\u00e9m explicou a raz\u00e3o por tr\u00e1s da escolha. Segundo ele, &#8220;March of the Fire Ants&#8221;, presente no debut &#8220;Remission&#8221; (2002), foi respons\u00e1vel por apresent\u00e1-lo ao universo musical do <a href=\"https:\/\/whiplash.net\/bandas\/m\/mastodon.html\" class=\"hotwords\" rel=\"nofollow noopener\" target=\"_blank\">Mastodon<\/a>. O &#8220;Metal God&#8221; afirmou que a m\u00fasica capturou a ess\u00eancia criativa do grupo e evidenciou a for\u00e7a de sua identidade.<\/p>\n<p>\u25ba&#8221; src=&#8221;https:\/\/www.youtube.com\/embed\/uShqlufsq5w&#8221; width=&#8221;560&#8243; height=&#8221;315&#8243; allow=&#8221;accelerometer; autoplay; clipboard-write; encrypted-media; gyroscope; picture-in-picture&#8221; allowfullscreen loading=&#8221;lazy&#8221; style=&#8221;border:0;&#8221;&gt;<\/p>\n<p>CONTINUA DEPOIS DA PUBLICIDADE &#8211; GOO<\/p>\n<p>&#13;<br \/>\n&#13;<br \/>\n&#13;<br \/>\n&#13;<br \/>\n<a href=\"https:\/\/whiplash.net\/materias\/whiplash\/027002.html\" rel=\"nofollow noopener\" target=\"_blank\"><img decoding=\"async\" src=\"https:\/\/www.europesays.com\/pt\/wp-content\/uploads\/2025\/10\/1760413028_813_anunciar_diabo_336x280.gif\" loading=\"lazy\" width=\"336\" height=\"280\" alt=\"Anunciar no Whiplash.Net\"\/><\/a>&#13;<br \/>\n&#13;<br \/>\n&#13;<br \/>\n&#13;<br \/>\n&#13;<br \/>\n&#13;<br \/>\n<a href=\"https:\/\/whiplash.net\/materias\/whiplash\/027002.html\" rel=\"nofollow noopener\" target=\"_blank\"><img decoding=\"async\" src=\"https:\/\/www.europesays.com\/pt\/wp-content\/uploads\/2025\/10\/1760413028_813_anunciar_diabo_336x280.gif\" loading=\"lazy\" width=\"336\" height=\"280\" class=\"widthConstrained\" style=\"background-color:#000000;display:block;\" alt=\"Anunciar bandas e shows de Rock e Heavy Metal\"\/><\/a>&#13;<\/p>\n<p>&#8220;&#8216;March of the Fire Ants&#8217; mostrou o Mastodon para mim. Assim como acontece com a maioria das bandas, os primeiros trabalhos capturam sua arte sem filtros. O Mastodon definiu uma nova era, mantendo os f\u00e3s atentos \u00e0s suas fa\u00e7anhas criativas.&#8221;<\/p>\n<p>O trabalho mais recente do quarteto \u00e9 &#8220;Hushed and Grim&#8221; (2021). Em agosto deste ano, a banda enfrentou um momento extremamente delicado: a morte do guitarrista e vocalista Brent Hinds, integrante do grupo por 25 anos. Leia mais a seguir.<\/p>\n<p>CONTINUA DEPOIS DA PUBLICIDADE &#8211; CLI<\/p>\n<p>&#13;<br \/>\n&#13;<br \/>\n&#13;<br \/>\n&#13;<br \/>\n&#13;<br \/>\n&#13;<br \/>\n&#13;<br \/>\n&#13;<br \/>\n<a href=\"https:\/\/whiplash.net\/materias\/whiplash\/027002.html\" rel=\"nofollow noopener\" target=\"_blank\"><img decoding=\"async\" src=\"https:\/\/www.europesays.com\/pt\/wp-content\/uploads\/2025\/10\/1760413028_813_anunciar_diabo_336x280.gif\" loading=\"lazy\" width=\"336\" height=\"280\" class=\"widthConstrained\" style=\"background-color:#000000;display:block;\" alt=\"Anunciar bandas e shows de Rock e Heavy Metal\"\/><\/a>&#13;<\/p>\n","protected":false},"excerpt":{"rendered":"Com mais de duas d\u00e9cadas de estrada, o Mastodon se consolidou como um dos nomes mais inventivos do&hellip;\n","protected":false},"author":2,"featured_media":37352,"comment_status":"","ping_status":"","sticky":false,"template":"","format":"standard","meta":{"footnotes":""},"categories":[141],"tags":[114,115,149,150,32,33],"class_list":{"0":"post-159068","1":"post","2":"type-post","3":"status-publish","4":"format-standard","5":"has-post-thumbnail","7":"category-musica","8":"tag-entertainment","9":"tag-entretenimento","10":"tag-music","11":"tag-musica","12":"tag-portugal","13":"tag-pt"},"share_on_mastodon":{"url":"https:\/\/pubeurope.com\/@pt\/115583248523039250","error":""},"_links":{"self":[{"href":"https:\/\/www.europesays.com\/pt\/wp-json\/wp\/v2\/posts\/159068","targetHints":{"allow":["GET"]}}],"collection":[{"href":"https:\/\/www.europesays.com\/pt\/wp-json\/wp\/v2\/posts"}],"about":[{"href":"https:\/\/www.europesays.com\/pt\/wp-json\/wp\/v2\/types\/post"}],"author":[{"embeddable":true,"href":"https:\/\/www.europesays.com\/pt\/wp-json\/wp\/v2\/users\/2"}],"replies":[{"embeddable":true,"href":"https:\/\/www.europesays.com\/pt\/wp-json\/wp\/v2\/comments?post=159068"}],"version-history":[{"count":0,"href":"https:\/\/www.europesays.com\/pt\/wp-json\/wp\/v2\/posts\/159068\/revisions"}],"wp:featuredmedia":[{"embeddable":true,"href":"https:\/\/www.europesays.com\/pt\/wp-json\/wp\/v2\/media\/37352"}],"wp:attachment":[{"href":"https:\/\/www.europesays.com\/pt\/wp-json\/wp\/v2\/media?parent=159068"}],"wp:term":[{"taxonomy":"category","embeddable":true,"href":"https:\/\/www.europesays.com\/pt\/wp-json\/wp\/v2\/categories?post=159068"},{"taxonomy":"post_tag","embeddable":true,"href":"https:\/\/www.europesays.com\/pt\/wp-json\/wp\/v2\/tags?post=159068"}],"curies":[{"name":"wp","href":"https:\/\/api.w.org\/{rel}","templated":true}]}}