{"id":159089,"date":"2025-11-20T17:55:16","date_gmt":"2025-11-20T17:55:16","guid":{"rendered":"https:\/\/www.europesays.com\/pt\/159089\/"},"modified":"2025-11-20T17:55:16","modified_gmt":"2025-11-20T17:55:16","slug":"ia-e-a-aposta-do-reino-unido-para-enfrentar-superbacterias-resistentes-entenda","status":"publish","type":"post","link":"https:\/\/www.europesays.com\/pt\/159089\/","title":{"rendered":"IA \u00e9 a aposta do Reino Unido para enfrentar superbact\u00e9rias resistentes; entenda"},"content":{"rendered":"<p>Projeto com intelig\u00eancia artificial (IA) busca acelerar vacinas e tratamentos contra resist\u00eancia a superbact\u00e9rias.<\/p>\n<p><img decoding=\"async\" src=\"https:\/\/www.europesays.com\/pt\/wp-content\/uploads\/2025\/11\/antibioticos-1920x1080.jpg\" class=\"attachment-banner size-banner\" alt=\"Projeto usa IA para criar novos antibi\u00f3ticos contra superbact\u00e9rias\" loading=\"eager\" fetchpriority=\"high\" width=\"1920\" height=\"1080\"\/><br \/>\n\t\t\tProjeto usa IA para criar novos antibi\u00f3ticos contra superbact\u00e9rias (Imagem: Spino Kim \/ Shutterstock)<\/p>\n<p>Compartilhe esta mat\u00e9ria<\/p>\n<p class=\"fitec-embcmp\"><a href=\"https:\/\/profile.google.com\/cp\/CgsvZy8xMjFqY2oxMw\" target=\"_blank\" class=\"ftecmp-button\" rel=\"nofollow noopener\">Siga o Olhar Digital no Google Discover<\/a><\/p>\n<p>\t\t\t\t\t<img decoding=\"async\" src=\"https:\/\/www.europesays.com\/pt\/wp-content\/uploads\/2025\/09\/inteligencia-artificial.jpg\" width=\"250\" height=\"250\" alt=\"Intelig\u00eancia artificial\" loading=\"lazy\"\/><\/p>\n<p>Tudo sobre Intelig\u00eancia Artificial<\/p>\n<p>Pesquisadores do <a href=\"https:\/\/olhardigital.com.br\/tag\/reino-unido\" target=\"_blank\" rel=\"noreferrer noopener nofollow\">Reino Unido<\/a> v\u00e3o lan\u00e7ar um projeto de tr\u00eas anos que usa <a href=\"https:\/\/olhardigital.com.br\/tag\/inteligencia-artificial\" target=\"_blank\" rel=\"noreferrer noopener nofollow\">intelig\u00eancia artificial<\/a> (IA) para enfrentar o avan\u00e7o das superbact\u00e9rias resistentes a <a href=\"https:\/\/olhardigital.com.br\/tag\/antibioticos\/\" target=\"_blank\" rel=\"noreferrer noopener nofollow\">antibi\u00f3ticos<\/a>. A iniciativa surge em meio ao aumento global da resist\u00eancia antimicrobiana (AMR), fen\u00f4meno no qual bact\u00e9rias e outros pat\u00f3genos evoluem a ponto de driblar <a href=\"https:\/\/olhardigital.com.br\/tag\/medicamentos\" target=\"_blank\" rel=\"noreferrer noopener nofollow\">medicamentos<\/a> existentes. O processo \u00e9 acelerado pelo uso excessivo de antibi\u00f3ticos tanto na sa\u00fade quanto na agricultura, e j\u00e1 representa um risco crescente para sistemas de sa\u00fade em todo o mundo. As informa\u00e7\u00f5es s\u00e3o do portal <a href=\"https:\/\/www.euronews.com\/health\/2025\/11\/18\/could-ai-help-defeat-antibiotic-resistant-superbugs-uk-scientists-are-trying-to-find-out\" target=\"_blank\" rel=\"noreferrer noopener nofollow\">Euronews<\/a>.<\/p>\n<p>Segundo dados globais, cerca de um a cada seis casos laboratoriais de infec\u00e7\u00f5es bacterianas j\u00e1 apresenta resist\u00eancia aos antibi\u00f3ticos. As proje\u00e7\u00f5es indicam ainda que a AMR pode causar diretamente 39 milh\u00f5es de mortes at\u00e9 2050, o que refor\u00e7a a urg\u00eancia por novas estrat\u00e9gias de combate. Agora, pesquisadores e empresas apostam na IA como aliada para acelerar a descoberta de tratamentos.<\/p>\n<p><img loading=\"lazy\" decoding=\"async\" width=\"1024\" height=\"534\" src=\"https:\/\/www.europesays.com\/pt\/wp-content\/uploads\/2025\/11\/ia-sade-1024x534.jpg\" alt=\"Cerca de um a cada seis casos de infec\u00e7\u00f5es bacterianas j\u00e1 apresenta resist\u00eancia aos antibi\u00f3ticos, e IA pode ajudar a reverter esse quadro\" class=\"wp-image-1218878\"  \/>Cerca de um a cada seis casos de infec\u00e7\u00f5es bacterianas j\u00e1 apresenta resist\u00eancia aos antibi\u00f3ticos, e IA pode ajudar a reverter esse quadro (Imagem: raker \/ Shutterstock)Como a IA pode atuar no combate \u00e0s superbact\u00e9rias<\/p>\n<p>A iniciativa re\u00fane cerca de 50 cientistas e come\u00e7a no in\u00edcio do pr\u00f3ximo ano, financiada com \u00a345 milh\u00f5es pela farmac\u00eautica GSK. O projeto ser\u00e1 desenvolvido em parceria com a Fleming Initiative, que integra pesquisadores, formuladores de pol\u00edticas p\u00fablicas e profissionais de sa\u00fade.<\/p>\n<p>Respons\u00e1veis pelo programa afirmam que as infec\u00e7\u00f5es resistentes est\u00e3o cada vez mais dif\u00edceis de tratar e representam um risco crescente para pacientes. O foco inicial estar\u00e1 em pat\u00f3genos que a Organiza\u00e7\u00e3o Mundial da Sa\u00fade (OMS) considera priorit\u00e1rios, incluindo Aspergillus, bact\u00e9rias Gram-negativas como Escherichia coli e Klebsiella pneumoniae, al\u00e9m de Staphylococcus aureus, com destaque para a variante resistente \u00e0 meticilina (MRSA).<\/p>\n<p>Um dos trabalhos principais ser\u00e1 o desenvolvimento de um modelo de IA capaz de projetar e testar novos antibi\u00f3ticos contra infec\u00e7\u00f5es Gram-negativas multirresistentes. A GSK afirma que os dados gerados e os modelos de IA ser\u00e3o disponibilizados para pesquisadores de outros pa\u00edses com o objetivo de acelerar a cria\u00e7\u00e3o de tratamentos de pr\u00f3xima gera\u00e7\u00e3o.<\/p>\n<p><img loading=\"lazy\" decoding=\"async\" width=\"1024\" height=\"643\" src=\"https:\/\/www.europesays.com\/pt\/wp-content\/uploads\/2025\/11\/bactrias-1024x643.jpg\" alt=\"Uma das frentes centrais do projeto ser\u00e1 criar um sistema de IA que consiga elaborar e avaliar novos tipos de antibi\u00f3ticos\" class=\"wp-image-1218881\"  \/>Uma das frentes centrais do projeto ser\u00e1 criar um sistema de IA que consiga elaborar e avaliar novos tipos de antibi\u00f3ticos (Imagem: Tatevosian Yana \/ Shutterstock)<\/p>\n<p>Outro grupo de cientistas usar\u00e1 IA para investigar como o sistema imunol\u00f3gico reage ao S. aureus, o que pode ajudar no desenvolvimento de uma vacina eficaz.<\/p>\n<p>O que o projeto promete entregar <\/p>\n<ul>\n<li>Modelos de IA para projetar e testar novos antibi\u00f3ticos;<\/li>\n<li>Compartilhamento global de dados para acelerar pesquisas;<\/li>\n<li>Estudos avan\u00e7ados sobre resposta imune ao S. aureus;<\/li>\n<li>Bases cient\u00edficas para futuras vacinas contra superbact\u00e9rias;<\/li>\n<li>Estrat\u00e9gias colaborativas entre ind\u00fastria, ci\u00eancia e sa\u00fade p\u00fablica.<\/li>\n<\/ul>\n<p><img loading=\"lazy\" decoding=\"async\" width=\"1024\" height=\"488\" src=\"https:\/\/www.europesays.com\/pt\/wp-content\/uploads\/2025\/08\/IA-e-sade-1024x488.jpg\" alt=\"\" class=\"wp-image-1144268\"  \/>O projeto refor\u00e7a a preocupa\u00e7\u00e3o crescente sobre a resist\u00eancia antimicrobiana e evidencia que solu\u00e7\u00f5es depender\u00e3o de esfor\u00e7os conjuntos entre setores (Imagem: khunkornStudio\/Shutterstock)<\/p>\n<p>Para os l\u00edderes da iniciativa, apenas a uni\u00e3o de especialistas e tecnologias avan\u00e7adas permitir\u00e1 desenvolver novos medicamentos e interven\u00e7\u00f5es capazes de enfrentar superbact\u00e9rias antes que elas se tornem incontrol\u00e1veis.<\/p>\n<p><strong>Leia mais:<\/strong><\/p>\n<p>\t\t\t\t\t&#13;<br \/>\n\t\t\t\t\t&#13;<\/p>\n<p>\t\t\t\t\t\t<img decoding=\"async\" src=\"https:\/\/www.europesays.com\/pt\/wp-content\/uploads\/2025\/09\/Mauricio-Thomaz-150x150.jpg\" width=\"150\" height=\"150\" alt=\"Maur\u00edcio Thomaz\" loading=\"lazy\"\/><\/p>\n<p>Colabora\u00e7\u00e3o para o Olhar Digital<\/p>\n<p>Jornalista com mais de 13 anos de experi\u00eancia, tenho faro pela audi\u00eancia e verdadeira paix\u00e3o em buscar alternativas mais assertivas para a entrega do conte\u00fado ao usu\u00e1rio.<\/p>\n<p>\t\t\t\t&#13;<br \/>\n\t\t\t\t\t&#13;<\/p>\n","protected":false},"excerpt":{"rendered":"Projeto com intelig\u00eancia artificial (IA) busca acelerar vacinas e tratamentos contra resist\u00eancia a superbact\u00e9rias. Projeto usa IA para&hellip;\n","protected":false},"author":2,"featured_media":159090,"comment_status":"","ping_status":"","sticky":false,"template":"","format":"standard","meta":{"footnotes":""},"categories":[86],"tags":[116,32,33,117],"class_list":{"0":"post-159089","1":"post","2":"type-post","3":"status-publish","4":"format-standard","5":"has-post-thumbnail","7":"category-saude","8":"tag-health","9":"tag-portugal","10":"tag-pt","11":"tag-saude"},"share_on_mastodon":{"url":"https:\/\/pubeurope.com\/@pt\/115583315344929128","error":""},"_links":{"self":[{"href":"https:\/\/www.europesays.com\/pt\/wp-json\/wp\/v2\/posts\/159089","targetHints":{"allow":["GET"]}}],"collection":[{"href":"https:\/\/www.europesays.com\/pt\/wp-json\/wp\/v2\/posts"}],"about":[{"href":"https:\/\/www.europesays.com\/pt\/wp-json\/wp\/v2\/types\/post"}],"author":[{"embeddable":true,"href":"https:\/\/www.europesays.com\/pt\/wp-json\/wp\/v2\/users\/2"}],"replies":[{"embeddable":true,"href":"https:\/\/www.europesays.com\/pt\/wp-json\/wp\/v2\/comments?post=159089"}],"version-history":[{"count":0,"href":"https:\/\/www.europesays.com\/pt\/wp-json\/wp\/v2\/posts\/159089\/revisions"}],"wp:featuredmedia":[{"embeddable":true,"href":"https:\/\/www.europesays.com\/pt\/wp-json\/wp\/v2\/media\/159090"}],"wp:attachment":[{"href":"https:\/\/www.europesays.com\/pt\/wp-json\/wp\/v2\/media?parent=159089"}],"wp:term":[{"taxonomy":"category","embeddable":true,"href":"https:\/\/www.europesays.com\/pt\/wp-json\/wp\/v2\/categories?post=159089"},{"taxonomy":"post_tag","embeddable":true,"href":"https:\/\/www.europesays.com\/pt\/wp-json\/wp\/v2\/tags?post=159089"}],"curies":[{"name":"wp","href":"https:\/\/api.w.org\/{rel}","templated":true}]}}