{"id":159119,"date":"2025-11-20T18:20:22","date_gmt":"2025-11-20T18:20:22","guid":{"rendered":"https:\/\/www.europesays.com\/pt\/159119\/"},"modified":"2025-11-20T18:20:22","modified_gmt":"2025-11-20T18:20:22","slug":"que-concertos-pode-ver-nos-aliados-depois-de-as-luzes-se-acenderem","status":"publish","type":"post","link":"https:\/\/www.europesays.com\/pt\/159119\/","title":{"rendered":"que concertos pode ver nos Aliados depois de as luzes se acenderem"},"content":{"rendered":"<p>A \u00e1rvore de Natal do Porto vai iluminar-se no dia 29 de novembro e a programa\u00e7\u00e3o da quadra ir\u00e1 distribuir-se por v\u00e1rios pontos da cidade, com concertos de Capit\u00e3o Fausto, Mariza, Rita Rocha nos Aliados, foi esta quarta-feira anunciado.<\/p>\n<p>De acordo com a C\u00e2mara do Porto, o &#8220;momento mais esperado&#8221; da programa\u00e7\u00e3o, em que se acendem as luzes da \u00e1rvore de natal e das decora\u00e7\u00f5es espalhadas por 94 ruas da cidade, est\u00e1 agendada para as 18h do dia 29 de novembro.<\/p>\n<p>Nesse s\u00e1bado, a inaugura\u00e7\u00e3o das luzes vai ser acompanhada de um espet\u00e1culo de &#8216;videomapping&#8217;, intitulado &#8220;Miss\u00e3o Nutcrackers, O Natal Chega \u00e0 Cidade&#8221;, &#8220;projetado na fachada da C\u00e2mara do Porto e com elementos a marcarem toda a extens\u00e3o da Avenida dos Aliados&#8221;. <strong>Ainda nesse dia, a fadista Mariza, acompanhada pela Orquestra Jovens do Porto, dar\u00e1 pelas 18h30 um concerto no palco que vai ser montado nos Aliados.<\/strong><\/p>\n<p>Nos Aliados, vai tamb\u00e9m ser dado palco a concertos dos <strong>Capit\u00e3o Fausto<\/strong> (acompanhados pela Orquestra da Academia de M\u00fasica Costa Cabral), no dia 7 de dezembro pelas 18h, da banda <strong>Vizinhos<\/strong>, no dia 14 de dezembro \u00e0s 18h, de <strong>Rita Rocha<\/strong> (com a participa\u00e7\u00e3o do artista Guga), dia 21 de dezembro pelas 18h. No dia 20 de dezembro, pelas 18h, ter\u00e1 ainda lugar o espet\u00e1culo final do projeto municipal Desporto no Bairro, com a participa\u00e7\u00e3o de v\u00e1rios atletas nacionais e internacionais e jovens dos bairros da cidade.<\/p>\n<p>De 29 de novembro at\u00e9 6 de janeiro, a ilumina\u00e7\u00e3o natal\u00edcia vai estar diariamente ligada, de domingo a quinta-feira, entre as 17h30 e as 23h, e \u00e0s sextas-feiras e s\u00e1bados, das 17h30 \u00e0s 24h. \u00c0 semelhan\u00e7a dos \u00faltimos anos, o munic\u00edpio celebrou uma parceria com a Associa\u00e7\u00e3o dos Comerciantes do Porto na realiza\u00e7\u00e3o da ilumina\u00e7\u00e3o de Natal, tendo o executivo investido 700 mil euros, valor igual a 2024.<\/p>\n<p>No jardim da Cordoaria vai estar, at\u00e9 ao dia 30 de dezembro, o Mercado de Natal com &#8220;a tradicional Casa do Pai Natal, aberta a mi\u00fados e gra\u00fados, assim como um espa\u00e7o para oficinas para os mais pequenos &#8212; a denominada Tenda de Cristal&#8221;, informou a autarquia. Este mercado funcionar\u00e1 de segunda a quinta-feira, das 11h \u00e0s 20h, sextas-feiras e v\u00e9speras de feriados, das 11h \u00e0s 21h, s\u00e1bados, das 10h \u00e0s 21h e domingos e feriados, das 10h \u00e0s 20h.<\/p>\n<p>J\u00e1 no Largo Amor de Perdi\u00e7\u00e3o, &#8220;estar\u00e1 instalada a habitual Pista de Gelo, tal como o Carrossel Parisiense&#8221; e ainda a Tenda de Natal, &#8220;um espa\u00e7o de programa\u00e7\u00e3o aberta a todos e que contar\u00e1 com a apresenta\u00e7\u00e3o de espet\u00e1culos de novo circo, dan\u00e7a, m\u00fasica, teatro de escolas da cidade e surpresas para todas as gera\u00e7\u00f5es&#8221;.<\/p>\n","protected":false},"excerpt":{"rendered":"A \u00e1rvore de Natal do Porto vai iluminar-se no dia 29 de novembro e a programa\u00e7\u00e3o da quadra&hellip;\n","protected":false},"author":2,"featured_media":159120,"comment_status":"","ping_status":"","sticky":false,"template":"","format":"standard","meta":{"footnotes":""},"categories":[10],"tags":[27,28,15,16,14,25,26,21,22,12,13,19,20,32,23,24,33,17,18,29,30,31],"class_list":{"0":"post-159119","1":"post","2":"type-post","3":"status-publish","4":"format-standard","5":"has-post-thumbnail","7":"category-portugal","8":"tag-breaking-news","9":"tag-breakingnews","10":"tag-featured-news","11":"tag-featurednews","12":"tag-headlines","13":"tag-latest-news","14":"tag-latestnews","15":"tag-main-news","16":"tag-mainnews","17":"tag-news","18":"tag-noticias","19":"tag-noticias-principais","20":"tag-noticiasprincipais","21":"tag-portugal","22":"tag-principais-noticias","23":"tag-principaisnoticias","24":"tag-pt","25":"tag-top-stories","26":"tag-topstories","27":"tag-ultimas","28":"tag-ultimas-noticias","29":"tag-ultimasnoticias"},"share_on_mastodon":{"url":"https:\/\/pubeurope.com\/@pt\/115583413326010183","error":""},"_links":{"self":[{"href":"https:\/\/www.europesays.com\/pt\/wp-json\/wp\/v2\/posts\/159119","targetHints":{"allow":["GET"]}}],"collection":[{"href":"https:\/\/www.europesays.com\/pt\/wp-json\/wp\/v2\/posts"}],"about":[{"href":"https:\/\/www.europesays.com\/pt\/wp-json\/wp\/v2\/types\/post"}],"author":[{"embeddable":true,"href":"https:\/\/www.europesays.com\/pt\/wp-json\/wp\/v2\/users\/2"}],"replies":[{"embeddable":true,"href":"https:\/\/www.europesays.com\/pt\/wp-json\/wp\/v2\/comments?post=159119"}],"version-history":[{"count":0,"href":"https:\/\/www.europesays.com\/pt\/wp-json\/wp\/v2\/posts\/159119\/revisions"}],"wp:featuredmedia":[{"embeddable":true,"href":"https:\/\/www.europesays.com\/pt\/wp-json\/wp\/v2\/media\/159120"}],"wp:attachment":[{"href":"https:\/\/www.europesays.com\/pt\/wp-json\/wp\/v2\/media?parent=159119"}],"wp:term":[{"taxonomy":"category","embeddable":true,"href":"https:\/\/www.europesays.com\/pt\/wp-json\/wp\/v2\/categories?post=159119"},{"taxonomy":"post_tag","embeddable":true,"href":"https:\/\/www.europesays.com\/pt\/wp-json\/wp\/v2\/tags?post=159119"}],"curies":[{"name":"wp","href":"https:\/\/api.w.org\/{rel}","templated":true}]}}