{"id":159125,"date":"2025-11-20T18:23:17","date_gmt":"2025-11-20T18:23:17","guid":{"rendered":"https:\/\/www.europesays.com\/pt\/159125\/"},"modified":"2025-11-20T18:23:17","modified_gmt":"2025-11-20T18:23:17","slug":"eis-os-vencedores-dos-premios-de-fotografia-mais-antigos-os-royal-photography-society-awards-fotogaleria","status":"publish","type":"post","link":"https:\/\/www.europesays.com\/pt\/159125\/","title":{"rendered":"Eis os vencedores dos pr\u00e9mios de fotografia mais antigos, os Royal Photography Society Awards | Fotogaleria"},"content":{"rendered":"<p>A Royal Photography Society (RPS) anunciou nesta quarta-feira todos os vencedores dos RPS Awards, os pr\u00e9mios mais antigos de fotografia. Os galard\u00f5es distinguem \u201cindiv\u00edduos que trabalham a imagem est\u00e1tica e em movimento, bem como a fotografia\u201d, l\u00ea-se no <a href=\"https:\/\/rps.org\/\" rel=\"nofollow noopener\" target=\"_blank\">site<\/a> da RPS.<\/p>\n<p>Este ano, o pr\u00e9mio de \u201cmaior honra\u201d, o RPS Medalha Centen\u00e1ria, foi atribu\u00eddo a Susan Derges, artista brit\u00e2nica que cria \u201carte fotogr\u00e1fica explorando a natureza\u201d, pela sua contribui\u00e7\u00e3o na arte da fotografia e imagem em movimento, diz o comunicado. O fot\u00f3grafo Senegal\u00eas Omar Victor Dipo recebeu o pr\u00e9mio de \u201cAchievement in the art of photography\u201d, que celebra conquistas pessoais na arte da fotografia.<\/p>\n<p>H\u00e1 uma portuguesa entre os vencedores. A luso-angolana M\u00f3nica de Miranda, artista visual, produtora e investigadora recebeu o pr\u00e9mio de \u201cAchievement in the art of the moving image\u201d, pela \u201cexcel\u00eancia e conquista na arte da imagem em movimento\u201d.<\/p>\n<p>Na categoria abaixo dos 30 anos, o pr\u00e9mio \u201cAchievement in the art of photography\u201d foi para Tami Aftab. Amak Mahmoodian leva o pr\u00e9mio de fotojornalismo, Rhagu Rai vence a categoria de fotografia documental e Ragnar Gu\u00f0ni Axelsson \u00e9 o vencedor da categoria de responsabilidade ambiental \u2013 todas estas categorias consideram a fotografia e a imagem em movimento.<\/p>\n<p>A distin\u00e7\u00e3o da categoria da ci\u00eancia da fotografia foi entregue a David Malin pelas t\u00e9cnicas inovadoras na fotografia astron\u00f3mica, que permite mais detalhe. E o pr\u00e9mio de curadoria, cr\u00edtica e pesquisa celebra Charlotte Cotton, que \u201cimpactou significativamente a fotografia\u201d. Podes ver todos os vencedores <a href=\"https:\/\/rps.org\/about\/awards\/the-rps-awards-2025\/rps-awards-2025-recipients\/\" rel=\"nofollow noopener\" target=\"_blank\">aqui<\/a>.<\/p>\n<p>Nesta que \u00e9 a 147.\u00aa edi\u00e7\u00e3o, o presidente da RPS, Simon Hill garante que os premiados deste ano representam \u201ca forma como a fotografia continua a evoluir como forma de arte e meio de compreender o mundo \u00e0 nossa volta\u201d. Em comunicado, acrescenta que \u201ctodos os anos exp\u00f5e artistas cujo trabalho \u00e9 um exemplo de criatividade, inova\u00e7\u00e3o, t\u00e9cnica e um compromisso com a partilha de conhecimento e experi\u00eancia\u201d.<\/p>\n","protected":false},"excerpt":{"rendered":"A Royal Photography Society (RPS) anunciou nesta quarta-feira todos os vencedores dos RPS Awards, os pr\u00e9mios mais antigos&hellip;\n","protected":false},"author":2,"featured_media":159126,"comment_status":"","ping_status":"","sticky":false,"template":"","format":"standard","meta":{"footnotes":""},"categories":[144],"tags":[207,205,206,203,201,202,204,114,115,32,33],"class_list":{"0":"post-159125","1":"post","2":"type-post","3":"status-publish","4":"format-standard","5":"has-post-thumbnail","7":"category-arte-e-design","8":"tag-arte","9":"tag-arte-e-design","10":"tag-artedesign","11":"tag-arts","12":"tag-arts-and-design","13":"tag-artsanddesign","14":"tag-design","15":"tag-entertainment","16":"tag-entretenimento","17":"tag-portugal","18":"tag-pt"},"share_on_mastodon":{"url":"https:\/\/pubeurope.com\/@pt\/115583425126122406","error":""},"_links":{"self":[{"href":"https:\/\/www.europesays.com\/pt\/wp-json\/wp\/v2\/posts\/159125","targetHints":{"allow":["GET"]}}],"collection":[{"href":"https:\/\/www.europesays.com\/pt\/wp-json\/wp\/v2\/posts"}],"about":[{"href":"https:\/\/www.europesays.com\/pt\/wp-json\/wp\/v2\/types\/post"}],"author":[{"embeddable":true,"href":"https:\/\/www.europesays.com\/pt\/wp-json\/wp\/v2\/users\/2"}],"replies":[{"embeddable":true,"href":"https:\/\/www.europesays.com\/pt\/wp-json\/wp\/v2\/comments?post=159125"}],"version-history":[{"count":0,"href":"https:\/\/www.europesays.com\/pt\/wp-json\/wp\/v2\/posts\/159125\/revisions"}],"wp:featuredmedia":[{"embeddable":true,"href":"https:\/\/www.europesays.com\/pt\/wp-json\/wp\/v2\/media\/159126"}],"wp:attachment":[{"href":"https:\/\/www.europesays.com\/pt\/wp-json\/wp\/v2\/media?parent=159125"}],"wp:term":[{"taxonomy":"category","embeddable":true,"href":"https:\/\/www.europesays.com\/pt\/wp-json\/wp\/v2\/categories?post=159125"},{"taxonomy":"post_tag","embeddable":true,"href":"https:\/\/www.europesays.com\/pt\/wp-json\/wp\/v2\/tags?post=159125"}],"curies":[{"name":"wp","href":"https:\/\/api.w.org\/{rel}","templated":true}]}}