{"id":159139,"date":"2025-11-20T18:34:28","date_gmt":"2025-11-20T18:34:28","guid":{"rendered":"https:\/\/www.europesays.com\/pt\/159139\/"},"modified":"2025-11-20T18:34:28","modified_gmt":"2025-11-20T18:34:28","slug":"use-esta-minuta-para-saber-quanto-esta-a-render-ou-nao-o-seu-ppr-2","status":"publish","type":"post","link":"https:\/\/www.europesays.com\/pt\/159139\/","title":{"rendered":"Use esta MINUTA para saber quanto est\u00e1 a render (ou n\u00e3o) o seu PPR"},"content":{"rendered":"<p>Minutas para pedir informa\u00e7\u00f5es e transferir o seu PPR<\/p>\n<p>Milhares de portugueses est\u00e3o a ter preju\u00edzo com o seu PPR, pensando que est\u00e3o a investir no seu futuro.<\/p>\n<p>At\u00e9 ao fim do ano, vamos ser &#8220;bombardeados&#8221; com publicidade para fazermos um PPR (ou refor\u00e7\u00e1-lo) para termos benef\u00edcios fiscais no IRS no ano que vem. O que poucos sabem \u00e9 que tem as tais dedu\u00e7\u00f5es no IRS, mas em muitos casos quem depois ganha com o seu PPR \u00e9 o banco ou Seguradora e n\u00e3o voc\u00ea. N\u00e3o deixe que isso aconte\u00e7a.<\/p>\n<p>Para avaliar o seu PPR, basta pedir \u00e0 institui\u00e7\u00e3o que gere o seu PPR todos os dados sobre rendimentos, comiss\u00f5es e hist\u00f3rico de entregas, ou at\u00e9 avan\u00e7ar para a transfer\u00eancia do produto para outra entidade, caso perceba que tem um mau produto. <strong>ATEN\u00c7\u00c3O: n\u00e3o \u00e9 resgatar e fazer outro<\/strong>; \u00e9 transferir para manter todos os seus direitos e antiguidade.<\/p>\n<p>Para facilitar esse processo, ficam aqui duas minutas prontas a usar, que foram feitas com base nas informa\u00e7\u00f5es que me foram dadas por especialistas na \u00e1rea. Basta descarregar, preencher os seus dados e enviar para a institui\u00e7\u00e3o financeira. <strong>Provavelmente, eles n\u00e3o v\u00e3o gostar nada que voc\u00ea fa\u00e7a isto e v\u00e3o dificultar ao m\u00e1ximo a resposta. Esteja preparado para isso.<\/strong><\/p>\n<p><strong>\u2013 Minuta para pedir toda a informa\u00e7\u00e3o detalhada sobre o seu PPR<\/strong><\/p>\n<p>Exemplo da minuta (Descarregue no link)<\/p>\n<p><strong>\u2013 Minuta para pedir a transfer\u00eancia do seu PPR para outra institui\u00e7\u00e3o<\/strong><\/p>\n<p>Utilizar estes modelos poupa tempo e garante que pede exatamente aquilo que a institui\u00e7\u00e3o \u00e9 obrigada a fornecer por lei.<\/p>\n<p>Espero que n\u00e3o tenha nenhuma surpresa desagrad\u00e1vel, como perceber que est\u00e1 a ganhar menos do que a infla\u00e7\u00e3o, na m\u00e9dia dos \u00faltimos anos.<\/p>\n<p>Note que no caso dos Fundos PPR, \u00e9 normal haver anos negativos, mas depois recuperam. O que n\u00e3o \u00e9 normal \u00e9 seguros PPR terem resultados l\u00edquidos abaixo da infla\u00e7\u00e3o (menos do que 2% ao ano \u00e9 um crime para as suas finan\u00e7as pessoais e para o seu patrim\u00f3nio).<\/p>\n","protected":false},"excerpt":{"rendered":"Minutas para pedir informa\u00e7\u00f5es e transferir o seu PPR Milhares de portugueses est\u00e3o a ter preju\u00edzo com o&hellip;\n","protected":false},"author":2,"featured_media":158843,"comment_status":"","ping_status":"","sticky":false,"template":"","format":"standard","meta":{"footnotes":""},"categories":[83],"tags":[88,89,90,32,33],"class_list":{"0":"post-159139","1":"post","2":"type-post","3":"status-publish","4":"format-standard","5":"has-post-thumbnail","7":"category-empresas","8":"tag-business","9":"tag-economy","10":"tag-empresas","11":"tag-portugal","12":"tag-pt"},"share_on_mastodon":{"url":"https:\/\/pubeurope.com\/@pt\/115583468344923794","error":""},"_links":{"self":[{"href":"https:\/\/www.europesays.com\/pt\/wp-json\/wp\/v2\/posts\/159139","targetHints":{"allow":["GET"]}}],"collection":[{"href":"https:\/\/www.europesays.com\/pt\/wp-json\/wp\/v2\/posts"}],"about":[{"href":"https:\/\/www.europesays.com\/pt\/wp-json\/wp\/v2\/types\/post"}],"author":[{"embeddable":true,"href":"https:\/\/www.europesays.com\/pt\/wp-json\/wp\/v2\/users\/2"}],"replies":[{"embeddable":true,"href":"https:\/\/www.europesays.com\/pt\/wp-json\/wp\/v2\/comments?post=159139"}],"version-history":[{"count":0,"href":"https:\/\/www.europesays.com\/pt\/wp-json\/wp\/v2\/posts\/159139\/revisions"}],"wp:featuredmedia":[{"embeddable":true,"href":"https:\/\/www.europesays.com\/pt\/wp-json\/wp\/v2\/media\/158843"}],"wp:attachment":[{"href":"https:\/\/www.europesays.com\/pt\/wp-json\/wp\/v2\/media?parent=159139"}],"wp:term":[{"taxonomy":"category","embeddable":true,"href":"https:\/\/www.europesays.com\/pt\/wp-json\/wp\/v2\/categories?post=159139"},{"taxonomy":"post_tag","embeddable":true,"href":"https:\/\/www.europesays.com\/pt\/wp-json\/wp\/v2\/tags?post=159139"}],"curies":[{"name":"wp","href":"https:\/\/api.w.org\/{rel}","templated":true}]}}