{"id":159171,"date":"2025-11-20T19:06:19","date_gmt":"2025-11-20T19:06:19","guid":{"rendered":"https:\/\/www.europesays.com\/pt\/159171\/"},"modified":"2025-11-20T19:06:19","modified_gmt":"2025-11-20T19:06:19","slug":"suplemento-especial-de-pensao-o-que-e-e-quem-tem-direito-a-receber","status":"publish","type":"post","link":"https:\/\/www.europesays.com\/pt\/159171\/","title":{"rendered":"Suplemento Especial de Pens\u00e3o: O que \u00e9 e quem tem direito a receber?"},"content":{"rendered":"<p>O Suplemento Especial de Pens\u00e3o (SEP) \u00e9 uma &#8220;presta\u00e7\u00e3o pecuni\u00e1ria a cargo do Estado, que se destina\u00a0a compensar os antigos combatentes, titulares de pens\u00e3o de invalidez, velhice, aposenta\u00e7\u00e3o e reforma,\u00a0do tempo de servi\u00e7o militar prestado em condi\u00e7\u00f5es especiais de dificuldade ou perigo&#8221;, de acordo com a <a href=\"https:\/\/www.noticiasaominuto.com\/economia\/2890904\/file:\/\/\/C:\/Users\/beatr\/Downloads\/7017A-SuplementoEspecialPensao-gsllxPi1ODUqvF1x1gdj9A.pdf\" target=\"_blank\" rel=\"noopener nofollow\">Seguran\u00e7a Social<\/a>.<\/p>\n<p>&#8220;O valor do suplemento \u00e9 atribu\u00eddo em fun\u00e7\u00e3o do tempo de servi\u00e7o militar bonificado (que tenha sido\u00a0prestado em condi\u00e7\u00f5es de dificuldade ou perigo), sendo pago anualmente no m\u00eas de outubro&#8221;, \u00e9 ainda explicado.<\/p>\n<p>Quem tem direito?<\/p>\n<p>De acordo com a Seguran\u00e7a Social, t\u00eam direito ao Suplemento Especial de Pens\u00e3o os antigos combatentes que:<\/p>\n<ul>&#13;<\/p>\n<li>Estejam a receber Pens\u00e3o de Invalidez ou de Velhice do regime geral de Seguran\u00e7a Social.<\/li>\n<p>&#13;<\/p>\n<li>Estejam abrangidos por sistema de Seguran\u00e7a Social de Estados Membros da Uni\u00e3o Europeia e\u00a0demais Estados Membros do Espa\u00e7o Econ\u00f3mico Europeu, bem como pela legisla\u00e7\u00e3o Su\u00ed\u00e7a,\u00a0coordenados pelos Regulamentos Comunit\u00e1rios, ainda que n\u00e3o tenham sido benefici\u00e1rios do\u00a0sistema de Seguran\u00e7a Social nacional;<\/li>\n<p>&#13;<\/p>\n<li>Estejam abrangidos por sistemas de Seguran\u00e7a Social de Estados com os quais foram\u00a0celebrados instrumentos internacionais que prevejam a totaliza\u00e7\u00e3o de per\u00edodos contributivos\u00a0desde que tenham sido benefici\u00e1rios do sistema de Seguran\u00e7a Social nacional;<\/li>\n<p>&#13;<\/p>\n<li>Tenha sido certificado, a seu pedido, o tempo de servi\u00e7o militar em condi\u00e7\u00f5es de dificuldade ou\u00a0perigo pelo Minist\u00e9rio da Defesa Nacional.<\/li>\n<p>&#13;\n                                                    <\/ul>\n<p>                                                    <img decoding=\"async\" src=\"https:\/\/www.europesays.com\/pt\/wp-content\/uploads\/2025\/11\/naom_690c4bebb4ef4.jpg\" border=\"0\" alt=\"Governo fala em \"\/><\/p>\n<p>O CES considera que o OE2026 deve &#8220;privilegiar o aumento estrutural das pens\u00f5es&#8221; em detrimento de &#8220;ajudas \u2018ad hoc\u2019&#8221;. O Governo garantiu que aprovou &#8220;aumentos permanentes de pens\u00f5es&#8221; e fala numa &#8220;despesa adicional de cerca de 700 milh\u00f5es de euros para pensionistas&#8221;.<\/p>\n<p>                                                     Beatriz Vasconcelos com Lusa | 07:19 &#8211; 06\/11\/2025 <\/p>\n<p>Al\u00e9m disso, &#8220;t\u00eam tamb\u00e9m direito a este Suplemento Especial de Pens\u00e3o, os antigos combatentes subscritores\u00a0da Caixa Geral de Aposenta\u00e7\u00f5es ou benefici\u00e1rios da Caixa de Previd\u00eancia dos Advogados e Solicitadores,\u00a0que lhes \u00e9 concedido pelas referidas entidades pagadoras da pens\u00e3o&#8221;.<\/p>\n<p>Pode acumular com:\u00a0<\/p>\n<ul>&#13;<\/p>\n<li>Pens\u00e3o de Velhice<\/li>\n<p>&#13;<\/p>\n<li>Pens\u00e3o de Invalidez<\/li>\n<p>&#13;<\/p>\n<li>Pens\u00e3o de Sobreviv\u00eancia (apenas a vi\u00fava)<\/li>\n<p>&#13;\n                                                    <\/ul>\n<p>N\u00e3o pode acumular com:<\/p>\n<ul>&#13;<\/p>\n<li>Acr\u00e9scimo Vital\u00edcio de Pens\u00e3o dos antigos combatentes<\/li>\n<p>&#13;<\/p>\n<li>Complemento Especial de Pens\u00e3o<\/li>\n<p>&#13;\n                                                    <\/ul>\n<p>                                                    <img decoding=\"async\" src=\"https:\/\/www.europesays.com\/pt\/wp-content\/uploads\/2025\/11\/naom_67fcca5599312.jpg\" border=\"0\" alt=\"\"\/><\/p>\n<p>A Prova de Vida \u00e9 um &#8220;procedimento anual para pensionistas que vivem no estrangeiro e garante a continuidade do direito \u00e0 pens\u00e3o. Em 2025, o processo arrancou no Luxemburgo e na Su\u00ed\u00e7a e ser\u00e1 gradualmente alargado a outros pa\u00edses at\u00e9 2027&#8221;.<\/p>\n<p>                                                     Not\u00edcias ao Minuto | 09:39 &#8211; 06\/10\/2025 <\/p>\n<p>Quanto se recebe?<\/p>\n<p>Ainda segundo a Seguran\u00e7a Social, o Suplemento Especial de Pens\u00e3o varia em fun\u00e7\u00e3o da dura\u00e7\u00e3o da bonifica\u00e7\u00e3o do tempo de servi\u00e7o\u00a0militar, sendo que os valores em 2025 s\u00e3o os seguintes:<\/p>\n<ul>&#13;<\/p>\n<li>At\u00e9 11 meses: 93,50\u20ac<\/li>\n<p>&#13;<\/p>\n<li>Entre 12 e 23 meses: 124,65\u20ac<\/li>\n<p>&#13;<\/p>\n<li>Igual ou superior a 24 meses: 186,95\u20ac<\/li>\n<p>&#13;\n                                                    <\/ul>\n<p>Al\u00e9m disso, o Suplemento Especial de Pens\u00e3o \u00e9 pago uma vez por ano.\u00a0<\/p>\n<p>                                                    <img decoding=\"async\" src=\"https:\/\/www.europesays.com\/pt\/wp-content\/uploads\/2025\/11\/naom_68ee494465dd9.jpg\" border=\"0\" alt=\"Governo promete \"\/><\/p>\n<p>Governo assume, com a proposta do OE2026, que &#8220;continua a dar seguimento \u00e0 sua pol\u00edtica de apoio aos idosos e aos mais vulner\u00e1veis, continuando a apostar no refor\u00e7o dos seus rendimentos&#8221;.<\/p>\n<p>                                                     Not\u00edcias ao Minuto | 09:00 &#8211; 15\/10\/2025 <\/p>\n<p>Leia Tamb\u00e9m: <a href=\"https:\/\/www.noticiasaominuto.com\/economia\/2886519\/alguns-pensionistas-devem-realizar-a-prova-de-vida-este-mes-explicamos\" target=\"_blank\" rel=\"noopener noreferrer nofollow\">Alguns pensionistas &#8220;devem realizar a prova de vida&#8221; este m\u00eas. Explicamos<\/a><\/p>\n","protected":false},"excerpt":{"rendered":"O Suplemento Especial de Pens\u00e3o (SEP) \u00e9 uma &#8220;presta\u00e7\u00e3o pecuni\u00e1ria a cargo do Estado, que se destina\u00a0a compensar&hellip;\n","protected":false},"author":2,"featured_media":159172,"comment_status":"","ping_status":"","sticky":false,"template":"","format":"standard","meta":{"footnotes":""},"categories":[83],"tags":[88,89,90,32,33],"class_list":{"0":"post-159171","1":"post","2":"type-post","3":"status-publish","4":"format-standard","5":"has-post-thumbnail","7":"category-empresas","8":"tag-business","9":"tag-economy","10":"tag-empresas","11":"tag-portugal","12":"tag-pt"},"share_on_mastodon":{"url":"https:\/\/pubeurope.com\/@pt\/115583594585441549","error":""},"_links":{"self":[{"href":"https:\/\/www.europesays.com\/pt\/wp-json\/wp\/v2\/posts\/159171","targetHints":{"allow":["GET"]}}],"collection":[{"href":"https:\/\/www.europesays.com\/pt\/wp-json\/wp\/v2\/posts"}],"about":[{"href":"https:\/\/www.europesays.com\/pt\/wp-json\/wp\/v2\/types\/post"}],"author":[{"embeddable":true,"href":"https:\/\/www.europesays.com\/pt\/wp-json\/wp\/v2\/users\/2"}],"replies":[{"embeddable":true,"href":"https:\/\/www.europesays.com\/pt\/wp-json\/wp\/v2\/comments?post=159171"}],"version-history":[{"count":0,"href":"https:\/\/www.europesays.com\/pt\/wp-json\/wp\/v2\/posts\/159171\/revisions"}],"wp:featuredmedia":[{"embeddable":true,"href":"https:\/\/www.europesays.com\/pt\/wp-json\/wp\/v2\/media\/159172"}],"wp:attachment":[{"href":"https:\/\/www.europesays.com\/pt\/wp-json\/wp\/v2\/media?parent=159171"}],"wp:term":[{"taxonomy":"category","embeddable":true,"href":"https:\/\/www.europesays.com\/pt\/wp-json\/wp\/v2\/categories?post=159171"},{"taxonomy":"post_tag","embeddable":true,"href":"https:\/\/www.europesays.com\/pt\/wp-json\/wp\/v2\/tags?post=159171"}],"curies":[{"name":"wp","href":"https:\/\/api.w.org\/{rel}","templated":true}]}}