{"id":159179,"date":"2025-11-20T19:10:10","date_gmt":"2025-11-20T19:10:10","guid":{"rendered":"https:\/\/www.europesays.com\/pt\/159179\/"},"modified":"2025-11-20T19:10:10","modified_gmt":"2025-11-20T19:10:10","slug":"apos-acusacoes-de-assedio-kevin-spacey-nao-tem-casa","status":"publish","type":"post","link":"https:\/\/www.europesays.com\/pt\/159179\/","title":{"rendered":"Ap\u00f3s acusa\u00e7\u00f5es de ass\u00e9dio, Kevin Spacey &#8216;n\u00e3o tem casa&#8217;"},"content":{"rendered":"<p><a href=\"https:\/\/www.otempo.com.br\/entretenimento\/netflix-existe-por-minha-causa-diz-kevin-spacey-veja-video-1.3300134\" target=\"_blank\" rel=\"noopener nofollow\">Kevin Spacey, ator vencedor do Oscar<\/a>, revelou que atualmente n\u00e3o possui resid\u00eancia fixa, vivendo entre hot\u00e9is e acomoda\u00e7\u00f5es tempor\u00e1rias. Em entrevista ao The Telegraph, o ator de 66 anos detalhou sua situa\u00e7\u00e3o atual, sete anos ap\u00f3s as primeiras <a href=\"https:\/\/www.otempo.com.br\/entretenimento\/kevin-spacey-e-acusado-de-agressao-sexual-e-estupro-diz-agencia-do-reino-unido-1.2674600\" target=\"_blank\" rel=\"noopener nofollow\">acusa\u00e7\u00f5es de ass\u00e9dio sexual<\/a> que afetaram sua carreira em Hollywood.<\/p>\n<p>&#8220;Estou vivendo em hot\u00e9is, estou vivendo em Airbnbs, estou indo para onde o trabalho est\u00e1&#8221;, declarou Spacey. O ator enfatizou sua condi\u00e7\u00e3o atual: &#8220;Literalmente n\u00e3o tenho casa, \u00e9 isso que estou tentando explicar.&#8221;<\/p>\n<p><a href=\"https:\/\/www.otempo.com.br\/entretenimento\/2024\/6\/11\/kevin-spacey-diz-que-esta-falido-e-deve-milhoes-apos-processos-d\" target=\"_blank\" rel=\"noopener nofollow\">Spacey descreveu sua situa\u00e7\u00e3o financeira como &#8220;n\u00e3o grande&#8221;<\/a> ap\u00f3s o afastamento da ind\u00fastria cinematogr\u00e1fica. Ele afirmou que nunca chegou a declarar fal\u00eancia, apesar das dificuldades. O ator, que antes morava em Baltimore, mencionou que os &#8220;custos durante estes \u00faltimos sete anos foram astron\u00f4micos&#8221;.<\/p>\n<p>&#8220;Tive muito pouco entrando e tudo saindo&#8221;, explicou sobre suas finan\u00e7as. Ao comentar sobre seu afastamento de Hollywood, o ator afirmou: &#8220;Voc\u00ea supera isso.&#8221; Ele acrescentou: &#8220;De maneiras estranhas, sinto que estou de volta ao ponto onde comecei, que \u00e9 simplesmente ir para onde o trabalho est\u00e1.&#8221;<\/p>\n<p>O ator mant\u00e9m seus pertences guardados. &#8220;Tudo est\u00e1 em armazenamento, e espero que em algum momento, se as coisas continuarem a melhorar, eu possa decidir onde quero me estabelecer novamente&#8221;, afirmou Spacey.<\/p>\n<p>O protagonista de &#8220;American Beauty&#8221; enfrentou acusa\u00e7\u00f5es de mais de 30 homens por comportamento inadequado ou agress\u00e3o sexual. <a href=\"https:\/\/www.otempo.com.br\/entretenimento\/kevin-spacey-e-inocentado-de-acusacao-de-assedio-feita-por-anthony-rapp-1.2753319\" target=\"_blank\" rel=\"noopener nofollow\">Entre os denunciantes est\u00e1 o ator Anthony Rapp, de &#8220;Star Trek: Discovery&#8221;<\/a>. As den\u00fancias come\u00e7aram em 2017, resultando em consequ\u00eancias para sua carreira.<\/p>\n<p>A <a href=\"https:\/\/www.otempo.com.br\/entretenimento\/2025\/4\/17\/kevin-spacey-volta-a-netflix-em-video-sobre-house-of-cards\" target=\"_blank\" rel=\"noopener nofollow\">Netflix removeu Spacey da s\u00e9rie &#8220;House of Cards&#8221;<\/a>, que terminou em 2018 com Robin Wright assumindo o protagonismo. Em julho de 2023, o ator foi considerado inocente das <a href=\"https:\/\/www.otempo.com.br\/entretenimento\/kevin-spacey-vai-a-julgamento-por-12-acusacoes-de-abuso-sexual-nesta-quarta-1.2940100\" target=\"_blank\" rel=\"noopener nofollow\">acusa\u00e7\u00f5es de agress\u00e3o contra quatro homens em julgamento <\/a>no Reino Unido. Em 2022, ele tamb\u00e9m foi considerado n\u00e3o respons\u00e1vel em <a href=\"https:\/\/www.otempo.com.br\/entretenimento\/kevin-spacey-e-acusado-de-agressao-sexual-e-estupro-diz-agencia-do-reino-unido-1.2674600\" target=\"_blank\" rel=\"noopener nofollow\">processo judicial em Nova York<\/a>.<\/p>\n<p>Segundo o The Telegraph, o ator\u00a0realizou uma apresenta\u00e7\u00e3o em um resort em Limassol, Chipre, enquanto tenta reconstruir sua carreira. Com o lan\u00e7amento do document\u00e1rio &#8220;Spacey Unmasked&#8221; em 2024, o ator negou as m\u00faltiplas acusa\u00e7\u00f5es contra ele.<\/p>\n<p>&#8220;Assumo total responsabilidade pelo meu comportamento passado e minhas a\u00e7\u00f5es, mas n\u00e3o posso e n\u00e3o vou assumir responsabilidade ou pedir desculpas a ningu\u00e9m que inventou coisas sobre mim ou exagerou hist\u00f3rias sobre mim&#8221;, declarou Spacey ao ex-jornalista brit\u00e2nico Dan Wootton em maio de 2024.<\/p>\n<p>O ator se defendeu afirmando que &#8220;nunca disse a algu\u00e9m que se me dessem favores sexuais, ent\u00e3o eu ajudaria em sua carreira, nunca&#8221;. Em maio, Spacey recebeu um pr\u00eamio por sua contribui\u00e7\u00e3o ao cinema durante evento em Cannes, Fran\u00e7a, ocasi\u00e3o em que descreveu os \u00faltimos anos como &#8220;desafiadores&#8221;.<\/p>\n","protected":false},"excerpt":{"rendered":"Kevin Spacey, ator vencedor do Oscar, revelou que atualmente n\u00e3o possui resid\u00eancia fixa, vivendo entre hot\u00e9is e acomoda\u00e7\u00f5es&hellip;\n","protected":false},"author":2,"featured_media":159180,"comment_status":"","ping_status":"","sticky":false,"template":"","format":"standard","meta":{"footnotes":""},"categories":[145],"tags":[211,210,114,115,2595,33942,32,33],"class_list":{"0":"post-159179","1":"post","2":"type-post","3":"status-publish","4":"format-standard","5":"has-post-thumbnail","7":"category-celebridades","8":"tag-celebridades","9":"tag-celebrities","10":"tag-entertainment","11":"tag-entretenimento","12":"tag-hollywood","13":"tag-kevin-spacey","14":"tag-portugal","15":"tag-pt"},"share_on_mastodon":{"url":"https:\/\/pubeurope.com\/@pt\/115583609926675018","error":""},"_links":{"self":[{"href":"https:\/\/www.europesays.com\/pt\/wp-json\/wp\/v2\/posts\/159179","targetHints":{"allow":["GET"]}}],"collection":[{"href":"https:\/\/www.europesays.com\/pt\/wp-json\/wp\/v2\/posts"}],"about":[{"href":"https:\/\/www.europesays.com\/pt\/wp-json\/wp\/v2\/types\/post"}],"author":[{"embeddable":true,"href":"https:\/\/www.europesays.com\/pt\/wp-json\/wp\/v2\/users\/2"}],"replies":[{"embeddable":true,"href":"https:\/\/www.europesays.com\/pt\/wp-json\/wp\/v2\/comments?post=159179"}],"version-history":[{"count":0,"href":"https:\/\/www.europesays.com\/pt\/wp-json\/wp\/v2\/posts\/159179\/revisions"}],"wp:featuredmedia":[{"embeddable":true,"href":"https:\/\/www.europesays.com\/pt\/wp-json\/wp\/v2\/media\/159180"}],"wp:attachment":[{"href":"https:\/\/www.europesays.com\/pt\/wp-json\/wp\/v2\/media?parent=159179"}],"wp:term":[{"taxonomy":"category","embeddable":true,"href":"https:\/\/www.europesays.com\/pt\/wp-json\/wp\/v2\/categories?post=159179"},{"taxonomy":"post_tag","embeddable":true,"href":"https:\/\/www.europesays.com\/pt\/wp-json\/wp\/v2\/tags?post=159179"}],"curies":[{"name":"wp","href":"https:\/\/api.w.org\/{rel}","templated":true}]}}