{"id":159211,"date":"2025-11-20T19:44:20","date_gmt":"2025-11-20T19:44:20","guid":{"rendered":"https:\/\/www.europesays.com\/pt\/159211\/"},"modified":"2025-11-20T19:44:20","modified_gmt":"2025-11-20T19:44:20","slug":"chega-aos-cinemas-biografia-silvio-santos-vem-ai-com-leandro-hassum","status":"publish","type":"post","link":"https:\/\/www.europesays.com\/pt\/159211\/","title":{"rendered":"Chega aos cinemas biografia &#8220;Silvio Santos Vem A\u00ed&#8221; com Leandro Hassum"},"content":{"rendered":"<p class=\"my-5 break-words group-[.isActiveSource]:text-xl\">A nova cinebiografia sobre Silvio Santos (1930-2024) estreia nos cinemas nacionais nesta quinta-feira (20). Agora, <strong class=\"group-[.isActiveSource]:text-xl group-[.isActiveSource]:font-bold\">Leandro Hassum<\/strong> \u00e9 o respons\u00e1vel por dar vida nas telonas a um dos maiores apresentadores da televis\u00e3o brasileira.<\/p>\n<p class=\"my-5 break-words group-[.isActiveSource]:text-xl\">A fic\u00e7\u00e3o usa como recorte o per\u00edodo em que <strong class=\"group-[.isActiveSource]:text-xl group-[.isActiveSource]:font-bold\">Silvio foi candidato \u00e0 presid\u00eancia<\/strong> do Brasil, em 1989, a primeira elei\u00e7\u00e3o ap\u00f3s a redemocratiza\u00e7\u00e3o. Na \u00e9poca, ele disputou a prefer\u00eancia com<strong class=\"group-[.isActiveSource]:text-xl group-[.isActiveSource]:font-bold\"> Lula e Fernando Collor<\/strong>, este \u00faltimo que viria a se tornar o vencedor. Na trama,<strong class=\"group-[.isActiveSource]:text-xl group-[.isActiveSource]:font-bold\"> Manu Gavassi<\/strong> vive a jornalista Mar\u00edlia, que \u00e9 designada a conhecer a fundo a vida pessoal do apresentador para prepar\u00e1-lo para o embate presidencial. C\u00e9tica, ela desconfia do real talento do &#8220;Homem do Ba\u00fa&#8221;.<\/p>\n<p class=\"my-5 break-words group-[.isActiveSource]:text-xl\">Passando pela magia que o comunicador tinha em seu programa, a momentos reservados com a esposa,<strong class=\"group-[.isActiveSource]:text-xl group-[.isActiveSource]:font-bold\"> Ir\u00eds Abravanel, vivida por Regiane Alves<\/strong>, a trama foca em desvendar quem era o<a href=\"https:\/\/www.cnnbrasil.com.br\/entretenimento\/hassum-diz-que-mulher-chorou-ao-ve-lo-como-silvio-santos-vejo-ele-aqui\/\" target=\"_blank\" rel=\"noopener noreferrer nofollow\" class=\"text-red-600 underline hover:text-red-500 font-medium break-words group-[.isActiveSource]:text-xl\"> homem por tr\u00e1s do apresentador<\/a>.<\/p>\n<p class=\"my-5 break-words group-[.isActiveSource]:text-xl\">A produ\u00e7\u00e3o tamb\u00e9m traz no elenco<strong class=\"group-[.isActiveSource]:text-xl group-[.isActiveSource]:font-bold\"> Gabriel Godoy,<\/strong> <strong class=\"group-[.isActiveSource]:text-xl group-[.isActiveSource]:font-bold\">Marcelo Laham<\/strong> e <strong class=\"group-[.isActiveSource]:text-xl group-[.isActiveSource]:font-bold\">Hugo Bon\u00e8mer<\/strong>. A dire\u00e7\u00e3o \u00e9 de <strong class=\"group-[.isActiveSource]:text-xl group-[.isActiveSource]:font-bold\">Cris D&#8217;Amato<\/strong>, roteiro de <strong class=\"group-[.isActiveSource]:text-xl group-[.isActiveSource]:font-bold\">Paulo Cursino<\/strong> e distribui\u00e7\u00e3o da Paris Filmes.<\/p>\n<p class=\"my-5 break-words group-[.isActiveSource]:text-xl my-5 break-words group-[.isActiveSource]:text-xl\"><strong class=\"group-[.isActiveSource]:text-xl group-[.isActiveSource]:font-bold\">Silvio Santos<\/strong>\u00a0<a class=\"text-red-600 underline hover:text-red-500 font-medium break-words group-[.isActiveSource]:text-xl\" href=\"https:\/\/www.cnnbrasil.com.br\/nacional\/hospital-confirma-causa-da-morte-de-silvio-santos\/#:~:text=O%20Hospital%20Israelita%20Albert%20Einstein,desde%20o%20in%C3%ADcio%20do%20m%C3%AAs.\" target=\"_blank\" rel=\"noopener noreferrer nofollow\">morreu em agosto deste ano aos 93 anos<\/a>, em decorr\u00eancia de broncopneumonia ap\u00f3s infec\u00e7\u00e3o por Influenza (H1N1).<\/p>\n<p>Assista ao trailer &#8220;Silvio Santos Vem A\u00ed&#8221;<\/p>\n","protected":false},"excerpt":{"rendered":"A nova cinebiografia sobre Silvio Santos (1930-2024) estreia nos cinemas nacionais nesta quinta-feira (20). Agora, Leandro Hassum \u00e9&hellip;\n","protected":false},"author":2,"featured_media":159212,"comment_status":"","ping_status":"","sticky":false,"template":"","format":"standard","meta":{"footnotes":""},"categories":[140],"tags":[114,115,147,148,146,32,33],"class_list":{"0":"post-159211","1":"post","2":"type-post","3":"status-publish","4":"format-standard","5":"has-post-thumbnail","7":"category-filmes","8":"tag-entertainment","9":"tag-entretenimento","10":"tag-film","11":"tag-filmes","12":"tag-movies","13":"tag-portugal","14":"tag-pt"},"share_on_mastodon":{"url":"https:\/\/pubeurope.com\/@pt\/115583743624572612","error":""},"_links":{"self":[{"href":"https:\/\/www.europesays.com\/pt\/wp-json\/wp\/v2\/posts\/159211","targetHints":{"allow":["GET"]}}],"collection":[{"href":"https:\/\/www.europesays.com\/pt\/wp-json\/wp\/v2\/posts"}],"about":[{"href":"https:\/\/www.europesays.com\/pt\/wp-json\/wp\/v2\/types\/post"}],"author":[{"embeddable":true,"href":"https:\/\/www.europesays.com\/pt\/wp-json\/wp\/v2\/users\/2"}],"replies":[{"embeddable":true,"href":"https:\/\/www.europesays.com\/pt\/wp-json\/wp\/v2\/comments?post=159211"}],"version-history":[{"count":0,"href":"https:\/\/www.europesays.com\/pt\/wp-json\/wp\/v2\/posts\/159211\/revisions"}],"wp:featuredmedia":[{"embeddable":true,"href":"https:\/\/www.europesays.com\/pt\/wp-json\/wp\/v2\/media\/159212"}],"wp:attachment":[{"href":"https:\/\/www.europesays.com\/pt\/wp-json\/wp\/v2\/media?parent=159211"}],"wp:term":[{"taxonomy":"category","embeddable":true,"href":"https:\/\/www.europesays.com\/pt\/wp-json\/wp\/v2\/categories?post=159211"},{"taxonomy":"post_tag","embeddable":true,"href":"https:\/\/www.europesays.com\/pt\/wp-json\/wp\/v2\/tags?post=159211"}],"curies":[{"name":"wp","href":"https:\/\/api.w.org\/{rel}","templated":true}]}}