{"id":159214,"date":"2025-11-20T19:51:57","date_gmt":"2025-11-20T19:51:57","guid":{"rendered":"https:\/\/www.europesays.com\/pt\/159214\/"},"modified":"2025-11-20T19:51:57","modified_gmt":"2025-11-20T19:51:57","slug":"o-que-faz-greta-thunberg-em-portugal","status":"publish","type":"post","link":"https:\/\/www.europesays.com\/pt\/159214\/","title":{"rendered":"O que faz Greta Thunberg em Portugal?"},"content":{"rendered":"<p>Greta Thunberg foi vista no Entroncamento, na quarta-feira. A confirma\u00e7\u00e3o foi dada pelo jornal local \u201cEntroncamento Online\u201d, que se cruzou com a ativista sueca enquanto esta passeava pela cidade. <\/p>\n<p>A jovem de 22 anos trazia uma mochila \u00e0s costas, e dirigia-se para a esta\u00e7\u00e3o de comboios, tendo dito aos jornalistas que estava no pa\u00eds &#8220;em turismo e trabalho&#8221;. Referiu, ainda, que estava a aproveitar para visitar \u201clocais e pessoas\u201d. <\/p>\n<p>De acordo com o meio local, Greta mostrou-se surpreendida por ter sido reconhecida na via p\u00fablica, mas acabou por se deixar fotografar.<\/p>\n<p>Localizado no distrito de Santar\u00e9m, o Entroncamento \u00e9 conhecido por ser a &#8220;Terra dos Fen\u00f3menos Raros&#8221;. Tal tamb\u00e9m pode justificar a passagem de Greta pela cidade portuguesa. <\/p>\n<p>Na semana passada, a ativista ambiental foi vista num comboio que seguia de Compostela com destino a Vigo e surgir rumores de que esta estava a caminho de Portugal. A ag\u00eancia Efe, citada pelo jornal espanhol &#8220;El Mundo&#8221;, indicou que Greta viajava acompanhada de outro jovem estrangeiro. <\/p>\n<p>Esta visita \u00e9 a segunda desloca\u00e7\u00e3o da ativista ao territ\u00f3rio portugu\u00eas. A primeira aconteceu a 3 de dezembro de 2019, quando chegou a Lisboa, com recurso a um catamar\u00e3, para participar na COP25 que decorria em Madrid. Na altura, Greta foi recebida pelo antigo presidente da C\u00e2mara Municipal de Lisboa, Fernando Medina, e por dezenas de ativistas. <\/p>\n<p>Greta Thunberg ganhou proje\u00e7\u00e3o internacional aos 15 anos, quando iniciou o protesto solid\u00e1rio \u201cSkolstrejk f\u00f6r klimatet\u201d (Greve escolar pelo clima) diante do parlamento da Su\u00e9cia \u2014 a\u00e7\u00e3o que viria a dar origem ao movimento global Fridays for Future. Tem participado em v\u00e1rios protestos, nos \u00faltimos anos, e fez parte da viagem da Flotilha Global Sumud, acompanhada pelos portugueses Mariana Mort\u00e1gua, Sofia Apar\u00edcio e Miguel Duarte.<\/p>\n","protected":false},"excerpt":{"rendered":"Greta Thunberg foi vista no Entroncamento, na quarta-feira. A confirma\u00e7\u00e3o foi dada pelo jornal local \u201cEntroncamento Online\u201d, que&hellip;\n","protected":false},"author":2,"featured_media":159215,"comment_status":"","ping_status":"","sticky":false,"template":"","format":"standard","meta":{"footnotes":""},"categories":[10],"tags":[7620,27,28,2271,15,16,21332,15056,14,25,26,21,22,12,13,19,20,32,23,24,33,17,18,29,30,31],"class_list":{"0":"post-159214","1":"post","2":"type-post","3":"status-publish","4":"format-standard","5":"has-post-thumbnail","7":"category-portugal","8":"tag-ativismo","9":"tag-breaking-news","10":"tag-breakingnews","11":"tag-clima","12":"tag-featured-news","13":"tag-featurednews","14":"tag-gaza-flotilha","15":"tag-greta-thunberg","16":"tag-headlines","17":"tag-latest-news","18":"tag-latestnews","19":"tag-main-news","20":"tag-mainnews","21":"tag-news","22":"tag-noticias","23":"tag-noticias-principais","24":"tag-noticiasprincipais","25":"tag-portugal","26":"tag-principais-noticias","27":"tag-principaisnoticias","28":"tag-pt","29":"tag-top-stories","30":"tag-topstories","31":"tag-ultimas","32":"tag-ultimas-noticias","33":"tag-ultimasnoticias"},"share_on_mastodon":{"url":"https:\/\/pubeurope.com\/@pt\/115583775084611175","error":""},"_links":{"self":[{"href":"https:\/\/www.europesays.com\/pt\/wp-json\/wp\/v2\/posts\/159214","targetHints":{"allow":["GET"]}}],"collection":[{"href":"https:\/\/www.europesays.com\/pt\/wp-json\/wp\/v2\/posts"}],"about":[{"href":"https:\/\/www.europesays.com\/pt\/wp-json\/wp\/v2\/types\/post"}],"author":[{"embeddable":true,"href":"https:\/\/www.europesays.com\/pt\/wp-json\/wp\/v2\/users\/2"}],"replies":[{"embeddable":true,"href":"https:\/\/www.europesays.com\/pt\/wp-json\/wp\/v2\/comments?post=159214"}],"version-history":[{"count":0,"href":"https:\/\/www.europesays.com\/pt\/wp-json\/wp\/v2\/posts\/159214\/revisions"}],"wp:featuredmedia":[{"embeddable":true,"href":"https:\/\/www.europesays.com\/pt\/wp-json\/wp\/v2\/media\/159215"}],"wp:attachment":[{"href":"https:\/\/www.europesays.com\/pt\/wp-json\/wp\/v2\/media?parent=159214"}],"wp:term":[{"taxonomy":"category","embeddable":true,"href":"https:\/\/www.europesays.com\/pt\/wp-json\/wp\/v2\/categories?post=159214"},{"taxonomy":"post_tag","embeddable":true,"href":"https:\/\/www.europesays.com\/pt\/wp-json\/wp\/v2\/tags?post=159214"}],"curies":[{"name":"wp","href":"https:\/\/api.w.org\/{rel}","templated":true}]}}