{"id":159216,"date":"2025-11-20T19:53:39","date_gmt":"2025-11-20T19:53:39","guid":{"rendered":"https:\/\/www.europesays.com\/pt\/159216\/"},"modified":"2025-11-20T19:53:39","modified_gmt":"2025-11-20T19:53:39","slug":"sporting-aposta-forte-mas-pode-perder-jogadores-historicos","status":"publish","type":"post","link":"https:\/\/www.europesays.com\/pt\/159216\/","title":{"rendered":"Sporting aposta forte, mas pode perder jogadores hist\u00f3ricos"},"content":{"rendered":"<p>O t\u00e9rmino da presente temporada ainda est\u00e1 a sete meses de dist\u00e2ncia, mas o Sporting j\u00e1 prepara o futuro. <strong>A BOLA<\/strong> sabe que os le\u00f5es est\u00e3o a negociar a contrata\u00e7\u00e3o de Matheus Silva, ala do Barcelona. <\/p>\n<p>O Sporting procura garantir a contrata\u00e7\u00e3o do internacional brasileiro, que termina contrato com os blaugrana em junho, para a pr\u00f3xima temporada. Matheus, que representa o Barcelona desde 2020, soma oito golos em 11 jogos disputados pelos cul\u00e9s esta \u00e9poca.<\/p>\n<p>Os le\u00f5es j\u00e1 garantiram o regresso de Erick Mendon\u00e7a, atual companheiro de equipa de Matheus no Barcelona, para a pr\u00f3xima temporada e a contrata\u00e7\u00e3o do ex-Benfica Ivan Chishkala, j\u00e1 para janeiro.<\/p>\n<p>A revolu\u00e7\u00e3o leonina n\u00e3o se esgota nas entradas e a reta final da temporada pode precipitar despedidas de figuras da hist\u00f3ria recente do clube. Alex Merlim, Jo\u00e3o Matos e Taynan n\u00e3o t\u00eam a continuidade no Jo\u00e3o Rocha garantida para a pr\u00f3xima \u00e9poca.<\/p>\n<p>Caso se confirme a informa\u00e7\u00e3o recolhida por <strong>A BOLA<\/strong>, o capit\u00e3o Jo\u00e3o Matos, aos 38 anos, pode deixar o \u00fanico clube que representou na carreira, desde que se estreou como s\u00e9nior em 2006. J\u00e1 Merlim, um ano mais velho do que o internacional luso, representa os le\u00f5es desde 2015 e soma seis golos em 12 jogos disputados esta \u00e9poca.<\/p>\n<p>O tempo de utiliza\u00e7\u00e3o dos dois atletas veteranos esta \u00e9poca decresceu exponencialmente em rela\u00e7\u00e3o a temporadas anteriores. Em sentido contr\u00e1rio, Taynan, de 32 anos, manteve o rendimento, tendo marcado cinco golos nos seis jogos que disputou, mas sofreu uma les\u00e3o grave no joelho direito diante do Benfica, a 11 de outubro.<\/p>\n","protected":false},"excerpt":{"rendered":"O t\u00e9rmino da presente temporada ainda est\u00e1 a sete meses de dist\u00e2ncia, mas o Sporting j\u00e1 prepara o&hellip;\n","protected":false},"author":2,"featured_media":159217,"comment_status":"","ping_status":"","sticky":false,"template":"","format":"standard","meta":{"footnotes":""},"categories":[8],"tags":[27,28,15,16,14,25,26,21,22,12,13,19,20,32,23,24,33,17,18,29,30,31],"class_list":{"0":"post-159216","1":"post","2":"type-post","3":"status-publish","4":"format-standard","5":"has-post-thumbnail","7":"category-principais-noticias","8":"tag-breaking-news","9":"tag-breakingnews","10":"tag-featured-news","11":"tag-featurednews","12":"tag-headlines","13":"tag-latest-news","14":"tag-latestnews","15":"tag-main-news","16":"tag-mainnews","17":"tag-news","18":"tag-noticias","19":"tag-noticias-principais","20":"tag-noticiasprincipais","21":"tag-portugal","22":"tag-principais-noticias","23":"tag-principaisnoticias","24":"tag-pt","25":"tag-top-stories","26":"tag-topstories","27":"tag-ultimas","28":"tag-ultimas-noticias","29":"tag-ultimasnoticias"},"share_on_mastodon":{"url":"https:\/\/pubeurope.com\/@pt\/115583779097653333","error":""},"_links":{"self":[{"href":"https:\/\/www.europesays.com\/pt\/wp-json\/wp\/v2\/posts\/159216","targetHints":{"allow":["GET"]}}],"collection":[{"href":"https:\/\/www.europesays.com\/pt\/wp-json\/wp\/v2\/posts"}],"about":[{"href":"https:\/\/www.europesays.com\/pt\/wp-json\/wp\/v2\/types\/post"}],"author":[{"embeddable":true,"href":"https:\/\/www.europesays.com\/pt\/wp-json\/wp\/v2\/users\/2"}],"replies":[{"embeddable":true,"href":"https:\/\/www.europesays.com\/pt\/wp-json\/wp\/v2\/comments?post=159216"}],"version-history":[{"count":0,"href":"https:\/\/www.europesays.com\/pt\/wp-json\/wp\/v2\/posts\/159216\/revisions"}],"wp:featuredmedia":[{"embeddable":true,"href":"https:\/\/www.europesays.com\/pt\/wp-json\/wp\/v2\/media\/159217"}],"wp:attachment":[{"href":"https:\/\/www.europesays.com\/pt\/wp-json\/wp\/v2\/media?parent=159216"}],"wp:term":[{"taxonomy":"category","embeddable":true,"href":"https:\/\/www.europesays.com\/pt\/wp-json\/wp\/v2\/categories?post=159216"},{"taxonomy":"post_tag","embeddable":true,"href":"https:\/\/www.europesays.com\/pt\/wp-json\/wp\/v2\/tags?post=159216"}],"curies":[{"name":"wp","href":"https:\/\/api.w.org\/{rel}","templated":true}]}}