{"id":159220,"date":"2025-11-20T19:57:13","date_gmt":"2025-11-20T19:57:13","guid":{"rendered":"https:\/\/www.europesays.com\/pt\/159220\/"},"modified":"2025-11-20T19:57:13","modified_gmt":"2025-11-20T19:57:13","slug":"claudio-ramos-aconselha-jessica-vieira-e-joao-oliveira-acho-que-deviam-tentar","status":"publish","type":"post","link":"https:\/\/www.europesays.com\/pt\/159220\/","title":{"rendered":"Cl\u00e1udio Ramos aconselha J\u00e9ssica Vieira e Jo\u00e3o Oliveira: &#8220;Acho que deviam tentar&#8230;&#8221;"},"content":{"rendered":"<p>J\u00e9ssica Vieira e Jo\u00e3o Oliveira protagonizam o videoclipe do novo tema musical de Bruna, \u2018O Amor Nunca Morre\u2019, e <a href=\"https:\/\/www.hiper.fm\/estas-solteira-jessica-vieira-responde-e-partilha-foto-cumplice-com-joao-oliveira\/\" target=\"_blank\" rel=\"noopener nofollow\">partilharam uma foto c\u00famplice<\/a> nas redes sociais que acabou por gerar rumores de um alegado romance.<\/p>\n<p>Os dois ex-concorrentes do Big Brother Ver\u00e3o estiveram no programa \u2018Dois \u00e0s 10\u2019, da TVI, desta quinta-feira, 20 de novembro, e esclareceram que a imagem em quest\u00e3o foi apenas referente ao videoclipe e que n\u00e3o h\u00e1 nada mais do que uma amizade entre os dois.<\/p>\n<p><strong>Leia tamb\u00e9m:\u00a0<\/strong><a href=\"https:\/\/www.hiper.fm\/novo-amor-apos-rumores-jessica-vieira-esclarece-foto-cumplice-com-joao-oliveira\/\" target=\"_blank\" rel=\"noopener nofollow\">Novo amor? Ap\u00f3s rumores, J\u00e9ssica Vieira esclarece foto c\u00famplice com Jo\u00e3o Oliveira<\/a><\/p>\n<p>Ainda assim, Cl\u00e1udio Ramos deixou um conselho em direto: \u201c<strong>Eu acho que deviam tentar, a vida sabe o que faz<\/strong>\u201c.\u00a0No entanto, J\u00e9ssica refor\u00e7ou: \u201c<strong>Somos amigos, n\u00e3o mesmo<\/strong>\u201c.<\/p>\n<p>Por sua vez, Cristina Ferreira sublinhou: \u201c<strong>Est\u00e1 bem, mas podem ser agora<\/strong>\u201c. Depois, a vencedora do Big Brother Ver\u00e3o tornou a clarificar: \u201c<strong>Somos amigos e que fique bem claro isso. N\u00e3o h\u00e1 nada, eu estou t\u00e3o bem assim<\/strong>\u201c.<\/p>\n<p>A apresentadora procurou insistir e referiu tamb\u00e9m: \u201c<strong>Mas \u00e9 quando isso acontece que eles aparecem. <\/strong><strong>Tinha muita gra\u00e7a daqui a uns meses eles virem aqui e depois dizer que era de verdade. Por acaso tinha. S\u00f3 para tirarem as teimas: encontrem-se todos os dias<\/strong>\u201c.<\/p>\n<p>Perante a dica, J\u00e9ssica deu resposta: \u201c<strong>E<\/strong><strong>u estou em Lisboa, ele est\u00e1 no Porto<\/strong>\u201c. Atento \u00e0 conversa, Cl\u00e1udio Ramos destacou prontamente: \u201c<strong>Parece que j\u00e1 ouvi essa conversa<\/strong>\u201c.<\/p>\n<p><a href=\"https:\/\/tvi.iol.pt\/doisas10\/video\/jessica-vieira-e-joao-oliveira-estao-juntos-eis-as-imagens-que-estao-a-dar-que-falar\/691ef6530cf229bd2f8d4ae3\" target=\"_blank\" rel=\"noopener nofollow\">Veja o v\u00eddeo aqui<\/a>.<\/p>\n","protected":false},"excerpt":{"rendered":"J\u00e9ssica Vieira e Jo\u00e3o Oliveira protagonizam o videoclipe do novo tema musical de Bruna, \u2018O Amor Nunca Morre\u2019,&hellip;\n","protected":false},"author":2,"featured_media":159221,"comment_status":"","ping_status":"","sticky":false,"template":"","format":"standard","meta":{"footnotes":""},"categories":[142],"tags":[33948,33949,114,115,1251,15504,32,33,151],"class_list":{"0":"post-159220","1":"post","2":"type-post","3":"status-publish","4":"format-standard","5":"has-post-thumbnail","7":"category-tv","8":"tag-aconselha","9":"tag-clu00e1udio-ramos","10":"tag-entertainment","11":"tag-entretenimento","12":"tag-jou00e3o-oliveira","13":"tag-ju00e9ssica-vieira","14":"tag-portugal","15":"tag-pt","16":"tag-tv"},"share_on_mastodon":{"url":"https:\/\/pubeurope.com\/@pt\/115583794677405908","error":""},"_links":{"self":[{"href":"https:\/\/www.europesays.com\/pt\/wp-json\/wp\/v2\/posts\/159220","targetHints":{"allow":["GET"]}}],"collection":[{"href":"https:\/\/www.europesays.com\/pt\/wp-json\/wp\/v2\/posts"}],"about":[{"href":"https:\/\/www.europesays.com\/pt\/wp-json\/wp\/v2\/types\/post"}],"author":[{"embeddable":true,"href":"https:\/\/www.europesays.com\/pt\/wp-json\/wp\/v2\/users\/2"}],"replies":[{"embeddable":true,"href":"https:\/\/www.europesays.com\/pt\/wp-json\/wp\/v2\/comments?post=159220"}],"version-history":[{"count":0,"href":"https:\/\/www.europesays.com\/pt\/wp-json\/wp\/v2\/posts\/159220\/revisions"}],"wp:featuredmedia":[{"embeddable":true,"href":"https:\/\/www.europesays.com\/pt\/wp-json\/wp\/v2\/media\/159221"}],"wp:attachment":[{"href":"https:\/\/www.europesays.com\/pt\/wp-json\/wp\/v2\/media?parent=159220"}],"wp:term":[{"taxonomy":"category","embeddable":true,"href":"https:\/\/www.europesays.com\/pt\/wp-json\/wp\/v2\/categories?post=159220"},{"taxonomy":"post_tag","embeddable":true,"href":"https:\/\/www.europesays.com\/pt\/wp-json\/wp\/v2\/tags?post=159220"}],"curies":[{"name":"wp","href":"https:\/\/api.w.org\/{rel}","templated":true}]}}