{"id":159222,"date":"2025-11-20T20:02:09","date_gmt":"2025-11-20T20:02:09","guid":{"rendered":"https:\/\/www.europesays.com\/pt\/159222\/"},"modified":"2025-11-20T20:02:09","modified_gmt":"2025-11-20T20:02:09","slug":"kevin-spacey-admite-viver-entre-hoteis-e-airbnb-apos-sete-anos-de-perdas-astronomicas","status":"publish","type":"post","link":"https:\/\/www.europesays.com\/pt\/159222\/","title":{"rendered":"Kevin Spacey admite viver &#8220;entre hot\u00e9is e Airbnb&#8221; ap\u00f3s sete anos de perdas &#8220;astron\u00f3micas&#8221;"},"content":{"rendered":"<p data-remotead-prev-elm=\"true\" data-remotead-elm-id=\"inread\">Sete anos depois do esc\u00e2ndalo que o afastou de Hollywood, Kevin Spacey conta que vive como um viajante permanente. O ator, hoje com 66 anos, descreve uma rotina feita de desloca\u00e7\u00f5es, estadias curtas e nenhuma estabilidade. Em entrevista ao jornal brit\u00e2nico &#8220;Telegraph&#8221;, afirmou que n\u00e3o tem, &#8220;literalmente, uma casa&#8221;. Disse que se divide &#8220;entre hot\u00e9is, em Airbnb&#8221;, sempre a seguir o trabalho que ainda aparece.<\/p>\n<p>O artista, vencedor de dois Oscars e protagonista da s\u00e9rie &#8220;House of Cards&#8221;, voltou a refletir sobre o impacto das acusa\u00e7\u00f5es de viol\u00eancia sexual que come\u00e7aram em 2017. Apesar das absolvi\u00e7\u00f5es alcan\u00e7adas em 2023 nos Estados Unidos e no Reino Unido, garante que a vida continua longe de normal. &#8220;Os custos nos \u00faltimos sete anos foram astron\u00f3micos. Tive pouqu\u00edssimas entradas e tudo saiu&#8221;, sublinhou.<\/p>\n<p>Na altura em que o caso rebentou, Spacey vivia numa casa em Baltimore, no Estado do Maryland, EUA, que acabou por vender para pagar honor\u00e1rios milion\u00e1rios a advogados e enfrentar uma sucess\u00e3o de processos. Numa entrevista emocional a Piers Morgan, j\u00e1 tinha admitido: &#8220;N\u00e3o sei mais onde vou viver&#8221;.<\/p>\n<p>Absolvi\u00e7\u00f5es n\u00e3o devolveram espa\u00e7o na ind\u00fastria<\/p>\n<p data-remotead-prev-elm=\"true\" data-remotead-elm-id=\"centro1\">Mesmo ap\u00f3s ter sido ilibado, Kevin Spacey enfrentou nova onda de pol\u00e9mica. Em 2024, a estreia do document\u00e1rio &#8220;Kevin Spacey: A Hist\u00f3ria n\u00e3o Contada&#8221; apresentou dez homens a relatar alegados abusos. O ator reagiu de imediato no X, afirmando que n\u00e3o iria &#8220;ficar de m\u00e3os cruzadas&#8221; nem permitir que um &#8220;document\u00e1rio unilateral&#8221;, produzido por um &#8220;canal em vias de extin\u00e7\u00e3o numa tentativa desesperada de obter audi\u00eancias&#8221;, o voltasse a atacar.<\/p>\n<p>Mais tarde, numa conversa no podcast de Lex Fridman, reconheceu ter tido comportamentos &#8220;prom\u00edscuos, &#8216;flirtantes&#8217; e \u00e0s vezes inc\u00f3modos&#8221; no passado. Rejeitou, contudo, v\u00e1rias acusa\u00e7\u00f5es que considera falsas e garantiu que nunca prometeu progress\u00e3o de carreira a quem quer que fosse em troca de favores sexuais. Assumiu que se arrepende de comportamentos que, segundo ele, n\u00e3o deveria ter tido.<\/p>\n<p>Desde 2017 que n\u00e3o volta a trabalhar na ind\u00fastria norte-americana. Spacey diz que persiste um clima de medo que trava qualquer tentativa de reaproxima\u00e7\u00e3o. &#8220;Se est\u00e1s na ind\u00fastria do espet\u00e1culo, n\u00e3o te \u00e9 oferecido perd\u00e3o. As pessoas t\u00eam muito receio. T\u00eam literalmente medo de ser canceladas se defendem algu\u00e9m que j\u00e1 foi cancelado&#8221;, afirmou.<\/p>\n<p>Apesar de tudo, o ator acredita que poder\u00e1, a dado momento, reencontrar estabilidade. Para j\u00e1, continua a viver entre malas, reservas tempor\u00e1rias e o trabalho que ainda aparece aqui e ali. \u00c9 a vida n\u00f3mada que Spacey descreve como inevit\u00e1vel enquanto tenta reconstruir o futuro.<\/p>\n","protected":false},"excerpt":{"rendered":"Sete anos depois do esc\u00e2ndalo que o afastou de Hollywood, Kevin Spacey conta que vive como um viajante&hellip;\n","protected":false},"author":2,"featured_media":159223,"comment_status":"","ping_status":"","sticky":false,"template":"","format":"standard","meta":{"footnotes":""},"categories":[85],"tags":[1244,33950,114,115,2595,33942,32,33],"class_list":{"0":"post-159222","1":"post","2":"type-post","3":"status-publish","4":"format-standard","5":"has-post-thumbnail","7":"category-entretenimento","8":"tag-ator","9":"tag-dificuldades-economicas","10":"tag-entertainment","11":"tag-entretenimento","12":"tag-hollywood","13":"tag-kevin-spacey","14":"tag-portugal","15":"tag-pt"},"share_on_mastodon":{"url":"https:\/\/pubeurope.com\/@pt\/115583814380259832","error":""},"_links":{"self":[{"href":"https:\/\/www.europesays.com\/pt\/wp-json\/wp\/v2\/posts\/159222","targetHints":{"allow":["GET"]}}],"collection":[{"href":"https:\/\/www.europesays.com\/pt\/wp-json\/wp\/v2\/posts"}],"about":[{"href":"https:\/\/www.europesays.com\/pt\/wp-json\/wp\/v2\/types\/post"}],"author":[{"embeddable":true,"href":"https:\/\/www.europesays.com\/pt\/wp-json\/wp\/v2\/users\/2"}],"replies":[{"embeddable":true,"href":"https:\/\/www.europesays.com\/pt\/wp-json\/wp\/v2\/comments?post=159222"}],"version-history":[{"count":0,"href":"https:\/\/www.europesays.com\/pt\/wp-json\/wp\/v2\/posts\/159222\/revisions"}],"wp:featuredmedia":[{"embeddable":true,"href":"https:\/\/www.europesays.com\/pt\/wp-json\/wp\/v2\/media\/159223"}],"wp:attachment":[{"href":"https:\/\/www.europesays.com\/pt\/wp-json\/wp\/v2\/media?parent=159222"}],"wp:term":[{"taxonomy":"category","embeddable":true,"href":"https:\/\/www.europesays.com\/pt\/wp-json\/wp\/v2\/categories?post=159222"},{"taxonomy":"post_tag","embeddable":true,"href":"https:\/\/www.europesays.com\/pt\/wp-json\/wp\/v2\/tags?post=159222"}],"curies":[{"name":"wp","href":"https:\/\/api.w.org\/{rel}","templated":true}]}}