{"id":159224,"date":"2025-11-20T20:04:11","date_gmt":"2025-11-20T20:04:11","guid":{"rendered":"https:\/\/www.europesays.com\/pt\/159224\/"},"modified":"2025-11-20T20:04:11","modified_gmt":"2025-11-20T20:04:11","slug":"mercadona-ja-esta-a-recrutar-para-outro-supermercado-que-abre-em-2026","status":"publish","type":"post","link":"https:\/\/www.europesays.com\/pt\/159224\/","title":{"rendered":"Mercadona j\u00e1 est\u00e1 a recrutar para (outro) supermercado que abre em 2026"},"content":{"rendered":"<p>O ano est\u00e1 a terminar e a Mercadona <a href=\"https:\/\/www.noticiasaominuto.com\/economia\/2885918\/abre-em-2026-mercadona-ja-esta-a-recrutar-para-novo-supermercado\" target=\"_blank\" rel=\"noopener nofollow\">j\u00e1 est\u00e1 a preparar as inaugura\u00e7\u00f5es de 2026<\/a>. A cadeia de supermercados espanhola anunciou, esta quinta-feira, que iniciou o processo de recrutamento para o supermercado que vai abrir em Vila Real, <a href=\"Bejahttps:\/\/www.noticiasaominuto.com\/economia\/2885918\/abre-em-2026-mercadona-ja-esta-a-recrutar-para-novo-supermercado\" rel=\"nofollow noopener\" target=\"_blank\">tal como j\u00e1 anunciou para Beja<\/a>.<\/p>\n<p>&#8220;A Mercadona, empresa de supermercados, que conta j\u00e1 com 68 lojas em Portugal, vai abrir em Vila Real, no pr\u00f3ximo ano, um novo supermercado. Esta nova loja ir\u00e1 gerar 70 novos postos de trabalho&#8221;, pode ler-se num comunicado divulgado pela empresa.\u00a0<\/p>\n<p>Vagas j\u00e1 est\u00e3o abertas<\/p>\n<p>A Mercadona adianta que as vagas em aberto para trabalhar nesta loja s\u00e3o para operador de loja (todas as sec\u00e7\u00f5es) e &#8220;todas as ofertas de emprego t\u00eam um per\u00edodo de forma\u00e7\u00e3o, com contrato efetivo, remuneradas desde o primeiro dia&#8221;.<\/p>\n<p>&#8220;Al\u00e9m disso, durante esse per\u00edodo de forma\u00e7\u00e3o, todas as despesas est\u00e3o a cargo da empresa \u2013 alimenta\u00e7\u00e3o, transporte, estadia e tamb\u00e9m viagens a casa 2 vezes por m\u00eas para todos os colaboradores&#8221;, pode ler-se na nota divulgada.\u00a0<\/p>\n<p>Os interessados em trabalhar na nova loja de Vila Real, podem candidatar-se <a href=\"https:\/\/mercadona.avature.net\/pt_PT\/Careers\/Jobdetail?jobId=276623&amp;tags=251121ndpvilareal\" target=\"_blank\" rel=\"noopener nofollow\">aqui<\/a>.\u00a0<\/p>\n<p>Mercadona assegura &#8220;cria\u00e7\u00e3o de emprego est\u00e1vel e de qualidade&#8221;<\/p>\n<p>&#8220;A Mercadona est\u00e1 presente em v\u00e1rios distritos em Portugal e conta j\u00e1 com mais de 7.000 colaboradores. Para dar resposta ao plano de expans\u00e3o, a empresa encontra-se a recrutar para diversas fun\u00e7\u00f5es, refor\u00e7ando a aposta feita em territ\u00f3rio nacional e criando emprego est\u00e1vel e de qualidade&#8221;, explica a marca espanhola.<\/p>\n<p>Adianta ainda que, &#8220;no in\u00edcio de 2025, a empresa anunciou um aumento de 8,5 % a todos os colaboradores, aplicado desde janeiro de 2025, fixando o seu sal\u00e1rio de entrada em 14.963,90 \u20ac brutos anuais, com progress\u00e3o salarial at\u00e9 20.465,10 \u20ac alcan\u00e7ados num m\u00e1ximo de 4 anos&#8221;.<\/p>\n<p>&#8220;Acrescem a estes valores o subs\u00eddio de alimenta\u00e7\u00e3o di\u00e1rio e outras presta\u00e7\u00f5es previstas na Pol\u00edtica Retributiva da empresa, como o subs\u00eddio de domingo, subs\u00eddio de feriado e horas de trabalho noturno. Com o cumprimento de objetivos individuais e da empresa, soma-se ainda o Pr\u00e9mio Anual, que a partir do primeiro ano civil completo \u00e9 equivalente a um sal\u00e1rio extra e, a partir dos 4 anos de antiguidade, \u00e9 de dois sal\u00e1rios extra&#8221;, pode ler-se.<\/p>\n<p>Mais: &#8220;A tabela salarial da empresa, em vigor em 2025, oferece assim um sal\u00e1rio de entrada 23 % acima do sal\u00e1rio m\u00ednimo nacional (SMN). J\u00e1 os colaboradores com mais de 4 anos de antiguidade, auferem atualmente um sal\u00e1rio superior em 68 % ao SMN&#8221;.<\/p>\n<p>De acordo com o grupo, a Mercadona &#8220;possui uma Pol\u00edtica de Recursos Humanos diferenciada que aposta na constru\u00e7\u00e3o de carreiras, na progress\u00e3o salarial, na equidade e na promo\u00e7\u00e3o interna, uma das principais formas de valorizar e criar oportunidades de desenvolvimento, procurando o talento dentro da pr\u00f3pria empresa. A Mercadona tem ainda uma pol\u00edtica de forma\u00e7\u00e3o que \u00e9 essencial para a prepara\u00e7\u00e3o do futuro de todos os colaboradores, e que permite o seu desenvolvimento pessoal e profissional&#8221;.<\/p>\n<p>&#8220;Recentemente, e pelo terceiro ano consecutivo, a Mercadona foi distinguida nos pr\u00e9mios Randstad Employer Brand Research 2025, como a empresa mais atrativa para trabalhar no setor da distribui\u00e7\u00e3o&#8221;, \u00e9 ainda adiantado na mesma nota divulgada.\u00a0<\/p>\n<p>Leia Tamb\u00e9m: <a href=\"https:\/\/www.noticiasaominuto.com\/economia\/2885918\/abre-em-2026-mercadona-ja-esta-a-recrutar-para-novo-supermercado\" target=\"_blank\" rel=\"noopener noreferrer nofollow\">Abre em 2026: Mercadona j\u00e1 est\u00e1 a recrutar para novo supermercado<\/a><\/p>\n","protected":false},"excerpt":{"rendered":"O ano est\u00e1 a terminar e a Mercadona j\u00e1 est\u00e1 a preparar as inaugura\u00e7\u00f5es de 2026. A cadeia&hellip;\n","protected":false},"author":2,"featured_media":159225,"comment_status":"","ping_status":"","sticky":false,"template":"","format":"standard","meta":{"footnotes":""},"categories":[83],"tags":[88,89,90,32,33],"class_list":{"0":"post-159224","1":"post","2":"type-post","3":"status-publish","4":"format-standard","5":"has-post-thumbnail","7":"category-empresas","8":"tag-business","9":"tag-economy","10":"tag-empresas","11":"tag-portugal","12":"tag-pt"},"share_on_mastodon":{"url":"https:\/\/pubeurope.com\/@pt\/115583822470949829","error":""},"_links":{"self":[{"href":"https:\/\/www.europesays.com\/pt\/wp-json\/wp\/v2\/posts\/159224","targetHints":{"allow":["GET"]}}],"collection":[{"href":"https:\/\/www.europesays.com\/pt\/wp-json\/wp\/v2\/posts"}],"about":[{"href":"https:\/\/www.europesays.com\/pt\/wp-json\/wp\/v2\/types\/post"}],"author":[{"embeddable":true,"href":"https:\/\/www.europesays.com\/pt\/wp-json\/wp\/v2\/users\/2"}],"replies":[{"embeddable":true,"href":"https:\/\/www.europesays.com\/pt\/wp-json\/wp\/v2\/comments?post=159224"}],"version-history":[{"count":0,"href":"https:\/\/www.europesays.com\/pt\/wp-json\/wp\/v2\/posts\/159224\/revisions"}],"wp:featuredmedia":[{"embeddable":true,"href":"https:\/\/www.europesays.com\/pt\/wp-json\/wp\/v2\/media\/159225"}],"wp:attachment":[{"href":"https:\/\/www.europesays.com\/pt\/wp-json\/wp\/v2\/media?parent=159224"}],"wp:term":[{"taxonomy":"category","embeddable":true,"href":"https:\/\/www.europesays.com\/pt\/wp-json\/wp\/v2\/categories?post=159224"},{"taxonomy":"post_tag","embeddable":true,"href":"https:\/\/www.europesays.com\/pt\/wp-json\/wp\/v2\/tags?post=159224"}],"curies":[{"name":"wp","href":"https:\/\/api.w.org\/{rel}","templated":true}]}}