{"id":159228,"date":"2025-11-20T20:06:47","date_gmt":"2025-11-20T20:06:47","guid":{"rendered":"https:\/\/www.europesays.com\/pt\/159228\/"},"modified":"2025-11-20T20:06:47","modified_gmt":"2025-11-20T20:06:47","slug":"lula-da-silva-pede-a-portugal-que-acabe-com-os-subsidios-aos-combustiveis-fosseis","status":"publish","type":"post","link":"https:\/\/www.europesays.com\/pt\/159228\/","title":{"rendered":"Lula da Silva pede a Portugal que acabe com os subs\u00eddios aos combust\u00edveis f\u00f3sseis"},"content":{"rendered":"<p data-remotead-prev-elm=\"true\" data-remotead-elm-id=\"inread\">O encontro entre Lula e a ministra do Ambiente portuguesa, no qual tamb\u00e9m participaram representantes da Dinamarca, Fran\u00e7a e Alemanha, atrasou uma hora, uma vez que o chefe de Estado brasileiro esteve a negociar diretamente com o Emirados \u00c1rabes Unidos. Um desenrolar de negocia\u00e7\u00f5es visto com bons olhos para um acordo final.<\/p>\n<p>J\u00e1 com Maria da Gra\u00e7a Carvalho, um dos apelos de Lula versou sobre o fim dos subs\u00eddios aos combust\u00edveis f\u00f3sseis. Nesse sentido, <strong>Portugal anunciou ontem a ades\u00e3o a um roteiro para o abandono dessas fontes de energia, que foi subscrito por mais de 80 pa\u00edses. <\/strong>O &#8220;roadmap&#8221;, uma esp\u00e9cie de coliga\u00e7\u00e3o, junta pa\u00edses consumidores e produtores de petr\u00f3leo e foi inclu\u00eddo no primeiro rascunho da decis\u00e3o COP30.<\/p>\n<p>A governante explicou que quer fazer essa &#8220;negocia\u00e7\u00e3o dentro da COP liderada pelo Brasil, pela presid\u00eancia e depois ao n\u00edvel da Uni\u00e3o Europeia&#8221;. &#8220;\u00c9 isso que n\u00f3s queremos e concordamos com a ideia, mas precisamos de ver os detalhes e n\u00e3o queremos embarcar numa ideia ainda difusa de um conjunto de pa\u00edses. <strong>O que n\u00f3s queremos \u00e9 mesmo um calend\u00e1rio, um documento em que se discuta os detalhes&#8221;<\/strong>, adiantou, aos jornalistas.<\/p>\n<p data-remotead-prev-elm=\"true\" data-remotead-elm-id=\"centro1\">Questionada sobre se \u00e9 poss\u00edvel fazer esse caminho nos pr\u00f3ximos dois anos, Maria da Gra\u00e7a Carvalho deu o exemplo do fim do desconto gradual do Imposto sobre os Produtos Petrol\u00edferos e Energ\u00e9ticos (ISP) que Portugal j\u00e1 est\u00e1 a fazer e alertou para a necessidade de uma transi\u00e7\u00e3o justa.<\/p>\n<p>Transi\u00e7\u00e3o tem de ser justa<\/p>\n<p>&#8220;Ainda agora foi anunciado que vamos gradualmente acabar com o desconto que h\u00e1 no ISP, mas vamos ter muita aten\u00e7\u00e3o para que n\u00e3o haja um aumento dos pre\u00e7os dos combust\u00edveis. <strong>Para fazer a tal transi\u00e7\u00e3o justa e de um momento para o outro n\u00e3o haja um aumento, que \u00e9 para as fam\u00edlias e as pessoas vulner\u00e1veis muito dif\u00edcil de suportar&#8221;<\/strong>, admitiu.<\/p>\n<p>Ao n\u00edvel dos 27, L\u00eddia Pereira, que lidera a delega\u00e7\u00e3o do Parlamento Europeu \u00e0 COP30, notou que a UE quer &#8220;o abandono dos subs\u00eddios nos combust\u00edveis f\u00f3sseis&#8221;. &#8220;Creio que o essencial \u00e9 que haja, de facto, um acordo que seja depois respeitado&#8221;, frisou. A eurodeputada portuguesas alertou ainda para a necessidade de haver &#8220;respeito pelos acordos&#8221; que s\u00e3o assinados nestas reuni\u00f5es.<\/p>\n","protected":false},"excerpt":{"rendered":"O encontro entre Lula e a ministra do Ambiente portuguesa, no qual tamb\u00e9m participaram representantes da Dinamarca, Fran\u00e7a&hellip;\n","protected":false},"author":2,"featured_media":159229,"comment_status":"","ping_status":"","sticky":false,"template":"","format":"standard","meta":{"footnotes":""},"categories":[10],"tags":[27,28,786,6391,15,16,14,25,26,21,22,31072,619,12,13,19,20,32,23,24,33,17,18,29,30,31],"class_list":{"0":"post-159228","1":"post","2":"type-post","3":"status-publish","4":"format-standard","5":"has-post-thumbnail","7":"category-portugal","8":"tag-breaking-news","9":"tag-breakingnews","10":"tag-combustiveis-fosseis","11":"tag-cop30","12":"tag-featured-news","13":"tag-featurednews","14":"tag-headlines","15":"tag-latest-news","16":"tag-latestnews","17":"tag-main-news","18":"tag-mainnews","19":"tag-ministra-do-ambiente-e-energia","20":"tag-nacional","21":"tag-news","22":"tag-noticias","23":"tag-noticias-principais","24":"tag-noticiasprincipais","25":"tag-portugal","26":"tag-principais-noticias","27":"tag-principaisnoticias","28":"tag-pt","29":"tag-top-stories","30":"tag-topstories","31":"tag-ultimas","32":"tag-ultimas-noticias","33":"tag-ultimasnoticias"},"share_on_mastodon":{"url":"https:\/\/pubeurope.com\/@pt\/115583834063975972","error":""},"_links":{"self":[{"href":"https:\/\/www.europesays.com\/pt\/wp-json\/wp\/v2\/posts\/159228","targetHints":{"allow":["GET"]}}],"collection":[{"href":"https:\/\/www.europesays.com\/pt\/wp-json\/wp\/v2\/posts"}],"about":[{"href":"https:\/\/www.europesays.com\/pt\/wp-json\/wp\/v2\/types\/post"}],"author":[{"embeddable":true,"href":"https:\/\/www.europesays.com\/pt\/wp-json\/wp\/v2\/users\/2"}],"replies":[{"embeddable":true,"href":"https:\/\/www.europesays.com\/pt\/wp-json\/wp\/v2\/comments?post=159228"}],"version-history":[{"count":0,"href":"https:\/\/www.europesays.com\/pt\/wp-json\/wp\/v2\/posts\/159228\/revisions"}],"wp:featuredmedia":[{"embeddable":true,"href":"https:\/\/www.europesays.com\/pt\/wp-json\/wp\/v2\/media\/159229"}],"wp:attachment":[{"href":"https:\/\/www.europesays.com\/pt\/wp-json\/wp\/v2\/media?parent=159228"}],"wp:term":[{"taxonomy":"category","embeddable":true,"href":"https:\/\/www.europesays.com\/pt\/wp-json\/wp\/v2\/categories?post=159228"},{"taxonomy":"post_tag","embeddable":true,"href":"https:\/\/www.europesays.com\/pt\/wp-json\/wp\/v2\/tags?post=159228"}],"curies":[{"name":"wp","href":"https:\/\/api.w.org\/{rel}","templated":true}]}}