{"id":159234,"date":"2025-11-20T20:15:10","date_gmt":"2025-11-20T20:15:10","guid":{"rendered":"https:\/\/www.europesays.com\/pt\/159234\/"},"modified":"2025-11-20T20:15:10","modified_gmt":"2025-11-20T20:15:10","slug":"f-c-porto-renova-parceria-com-a-equipa-de-diogo-jota-e-assume-custo-do-projeto","status":"publish","type":"post","link":"https:\/\/www.europesays.com\/pt\/159234\/","title":{"rendered":"F. C. Porto renova parceria com a equipa de Diogo Jota e assume custo do projeto"},"content":{"rendered":"<p data-remotead-prev-elm=\"true\" data-remotead-elm-id=\"inread\">Os drag\u00f5es passar\u00e3o a assumir boa parte do custo operacional do projeto, refor\u00e7ando o compromisso com os esports e consolidar a presen\u00e7a da marca F. C. Porto no ecossistema digital, um segmento que continua a crescer em seguidores e relev\u00e2ncia competitiva.<\/p>\n<p>A F. C. Porto Luna eSports vai competir com equipa masculina e feminina em provas de EA FC organizadas pela Federa\u00e7\u00e3o Portuguesa de Futebol e Liga Portugal. Esta renova\u00e7\u00e3o traz ainda um pormenor extra: a camisola oficial da F. C. Porto Luna eSports passa a incluir um &#8220;badge&#8221; na manga esquerda que eterniza a imagem de Diogo Jota, que foi, como se sabe, um dos grandes impulsionadores desta liga\u00e7\u00e3o entre a sua paix\u00e3o pelos eSports e o clube que representou como futebolista na \u00e9poca 2016\/17.<\/p>\n","protected":false},"excerpt":{"rendered":"Os drag\u00f5es passar\u00e3o a assumir boa parte do custo operacional do projeto, refor\u00e7ando o compromisso com os esports&hellip;\n","protected":false},"author":2,"featured_media":159235,"comment_status":"","ping_status":"","sticky":false,"template":"","format":"standard","meta":{"footnotes":""},"categories":[87],"tags":[135,1691,20558,32,33,134],"class_list":{"0":"post-159234","1":"post","2":"type-post","3":"status-publish","4":"format-standard","5":"has-post-thumbnail","7":"category-desporto","8":"tag-desporto","9":"tag-diogo-jota","10":"tag-f-c-porto","11":"tag-portugal","12":"tag-pt","13":"tag-sports"},"share_on_mastodon":{"url":"https:\/\/pubeurope.com\/@pt\/115583865533477828","error":""},"_links":{"self":[{"href":"https:\/\/www.europesays.com\/pt\/wp-json\/wp\/v2\/posts\/159234","targetHints":{"allow":["GET"]}}],"collection":[{"href":"https:\/\/www.europesays.com\/pt\/wp-json\/wp\/v2\/posts"}],"about":[{"href":"https:\/\/www.europesays.com\/pt\/wp-json\/wp\/v2\/types\/post"}],"author":[{"embeddable":true,"href":"https:\/\/www.europesays.com\/pt\/wp-json\/wp\/v2\/users\/2"}],"replies":[{"embeddable":true,"href":"https:\/\/www.europesays.com\/pt\/wp-json\/wp\/v2\/comments?post=159234"}],"version-history":[{"count":0,"href":"https:\/\/www.europesays.com\/pt\/wp-json\/wp\/v2\/posts\/159234\/revisions"}],"wp:featuredmedia":[{"embeddable":true,"href":"https:\/\/www.europesays.com\/pt\/wp-json\/wp\/v2\/media\/159235"}],"wp:attachment":[{"href":"https:\/\/www.europesays.com\/pt\/wp-json\/wp\/v2\/media?parent=159234"}],"wp:term":[{"taxonomy":"category","embeddable":true,"href":"https:\/\/www.europesays.com\/pt\/wp-json\/wp\/v2\/categories?post=159234"},{"taxonomy":"post_tag","embeddable":true,"href":"https:\/\/www.europesays.com\/pt\/wp-json\/wp\/v2\/tags?post=159234"}],"curies":[{"name":"wp","href":"https:\/\/api.w.org\/{rel}","templated":true}]}}