{"id":159272,"date":"2025-11-20T21:11:10","date_gmt":"2025-11-20T21:11:10","guid":{"rendered":"https:\/\/www.europesays.com\/pt\/159272\/"},"modified":"2025-11-20T21:11:10","modified_gmt":"2025-11-20T21:11:10","slug":"o-fabuloso-destino-de-manuel-joao-vieira-perfil-do-eterno-candidato-tracado-por-quem-melhor-o-conhece","status":"publish","type":"post","link":"https:\/\/www.europesays.com\/pt\/159272\/","title":{"rendered":"O fabuloso destino de Manuel Jo\u00e3o Vieira: perfil do \u2018eterno\u2019 Candidato tra\u00e7ado por quem melhor o conhece"},"content":{"rendered":"<p class=\"MsoNoSpacing\">Herman Jos\u00e9, quem mais? Est\u00e1 no palco do Maxime, na Pra\u00e7a da Alegria, a brincar com a guitarra. A atra\u00e7\u00e3o da noite s\u00e3o cordas que imitam coros de igreja, uma conversa no c\u00e9u entre Saramago e Am\u00e1lia, al\u00e9m das personagens do costume: Maximiana, Jos\u00e9 Estebes, Tony Silva. Manuel Jo\u00e3o chega. Apesar de ser diretor art\u00edstico do Maxime n\u00e3o est\u00e1 todas as noites, conta o padrasto Bo Backstrom, que em 2005 terminou a carreira na Cruz Vermelha Internacional e assentou em Portugal. Ele e Madalena, a m\u00e3e do vocalista dos Ena P\u00e1 2000, pensaram em ir para Santiago do Cac\u00e9m, terra dela, quem sabe abrir uma papelaria, mas falou mais alto um an\u00fancio para arrendar o cabar\u00e9 da Pra\u00e7a da Alegria. \u00c9 s\u00e1bado. Manuel Jo\u00e3o senta-se num canto do balc\u00e3o.<\/p>\n<p class=\"MsoNoSpacing\">Est\u00e1 de cal\u00e7as de ganga, camisa larga, cabelo despenteado, cinzento, resqu\u00edcios de carac\u00f3is que n\u00e3o se veem quando o empasta de gel para os espet\u00e1culos. Tita, manager desde os tempos dos Irm\u00e3os Catita no Cinearte, anos 90 em diante, levanta-se para ir ter com ele. Trocam umas palavras e depois h\u00e1 uma altura em que ele fica sozinho e ri de algumas coisas que Herman est\u00e1 a fazer. Pensei em \u201cprimata bonito\u201d e digo-lhe. \u201cIsso foi s\u00f3 uma coisa que escrevi. Rima com \u2018um tipo esquisito\u2019\u201d. \u00c9 o que vem a seguir na primeira m\u00fasica do CD sem palavr\u00f5es do \u00e1lbum dos Cora\u00e7\u00f5es de Atum (\u201cRomance Hardcore\u201d, com um CD para romance, o outro um pouco mais \u2018expl\u00edcito\u2019) agora editado [em 2010, data da publica\u00e7\u00e3o original deste artigo]. N\u00e3o \u00e9 a ess\u00eancia? \u201cIsso n\u00e3o existe\u201d, dir\u00e1.<\/p>\n<p><a href=\"https:\/\/expresso.pt\/subscrever?action=GEN&amp;channel=VID&amp;type=CAP&amp;source=WEB&amp;returnUrl=https:\/\/expresso.pt\/blitz\/2025-11-20-o-fabuloso-destino-de-manuel-joao-vieira-perfil-do-eterno-candidato-tracado-por-quem-melhor-o-conhece-5e9a4d1a&amp;utm_source=expresso&amp;utm_medium=locked_article&amp;locked=true&amp;article_id=60ec3071-d08b-4b0b-aaa4-3cb672dcbe02&amp;author_id=Marta+F.+Reis&amp;category=Blitz\" target=\"_self\" class=\"\" rel=\"nofollow noopener\">Subscrever<\/a>J\u00e1 \u00e9 Subscritor?Fa\u00e7a login e continue a ler<a href=\"http:\/\/expresso.pt\/codigo?redirectUrl=https:\/\/expresso.pt\/blitz\/2025-11-20-o-fabuloso-destino-de-manuel-joao-vieira-perfil-do-eterno-candidato-tracado-por-quem-melhor-o-conhece-5e9a4d1a\" target=\"_self\" class=\"\" rel=\"nofollow noopener\">Inserir C\u00f3digo<\/a>Comprou o Expresso?Insira o c\u00f3digo presente na Revista E para continuar a ler<\/p>\n","protected":false},"excerpt":{"rendered":"Herman Jos\u00e9, quem mais? Est\u00e1 no palco do Maxime, na Pra\u00e7a da Alegria, a brincar com a guitarra.&hellip;\n","protected":false},"author":2,"featured_media":159273,"comment_status":"","ping_status":"","sticky":false,"template":"","format":"standard","meta":{"footnotes":""},"categories":[10],"tags":[27,28,15,16,14,25,26,21,22,12,13,19,20,32,23,24,33,17,18,29,30,31],"class_list":{"0":"post-159272","1":"post","2":"type-post","3":"status-publish","4":"format-standard","5":"has-post-thumbnail","7":"category-portugal","8":"tag-breaking-news","9":"tag-breakingnews","10":"tag-featured-news","11":"tag-featurednews","12":"tag-headlines","13":"tag-latest-news","14":"tag-latestnews","15":"tag-main-news","16":"tag-mainnews","17":"tag-news","18":"tag-noticias","19":"tag-noticias-principais","20":"tag-noticiasprincipais","21":"tag-portugal","22":"tag-principais-noticias","23":"tag-principaisnoticias","24":"tag-pt","25":"tag-top-stories","26":"tag-topstories","27":"tag-ultimas","28":"tag-ultimas-noticias","29":"tag-ultimasnoticias"},"share_on_mastodon":{"url":"https:\/\/pubeurope.com\/@pt\/115584085754330119","error":""},"_links":{"self":[{"href":"https:\/\/www.europesays.com\/pt\/wp-json\/wp\/v2\/posts\/159272","targetHints":{"allow":["GET"]}}],"collection":[{"href":"https:\/\/www.europesays.com\/pt\/wp-json\/wp\/v2\/posts"}],"about":[{"href":"https:\/\/www.europesays.com\/pt\/wp-json\/wp\/v2\/types\/post"}],"author":[{"embeddable":true,"href":"https:\/\/www.europesays.com\/pt\/wp-json\/wp\/v2\/users\/2"}],"replies":[{"embeddable":true,"href":"https:\/\/www.europesays.com\/pt\/wp-json\/wp\/v2\/comments?post=159272"}],"version-history":[{"count":0,"href":"https:\/\/www.europesays.com\/pt\/wp-json\/wp\/v2\/posts\/159272\/revisions"}],"wp:featuredmedia":[{"embeddable":true,"href":"https:\/\/www.europesays.com\/pt\/wp-json\/wp\/v2\/media\/159273"}],"wp:attachment":[{"href":"https:\/\/www.europesays.com\/pt\/wp-json\/wp\/v2\/media?parent=159272"}],"wp:term":[{"taxonomy":"category","embeddable":true,"href":"https:\/\/www.europesays.com\/pt\/wp-json\/wp\/v2\/categories?post=159272"},{"taxonomy":"post_tag","embeddable":true,"href":"https:\/\/www.europesays.com\/pt\/wp-json\/wp\/v2\/tags?post=159272"}],"curies":[{"name":"wp","href":"https:\/\/api.w.org\/{rel}","templated":true}]}}