{"id":159287,"date":"2025-11-20T21:27:09","date_gmt":"2025-11-20T21:27:09","guid":{"rendered":"https:\/\/www.europesays.com\/pt\/159287\/"},"modified":"2025-11-20T21:27:09","modified_gmt":"2025-11-20T21:27:09","slug":"ordem-dos-advogados-arquivou-o-inquerito-a-spinumviva","status":"publish","type":"post","link":"https:\/\/www.europesays.com\/pt\/159287\/","title":{"rendered":"Ordem dos Advogados arquivou o inqu\u00e9rito \u00e0 Spinumviva"},"content":{"rendered":"<p>                A Ordem dos Advogados arquivou o inqu\u00e9rito \u00e0 Spinumviva por suspeitas de procuradoria il\u00edcita. Em comunicado, o baston\u00e1rio diz que n\u00e3o se verificaram ind\u00edcios suficientes da pr\u00e1tica deste crime por parte da empresa da fam\u00edlia do primeiro-ministro. <\/p>\n<p>A suspeitas surgiram na \u00faltima crise pol\u00edtica, quando foram conhecidos clientes e servi\u00e7os prestados pela Spinumviva. <\/p>\n<p>Numa ata, o Conselho Regional do Porto da Ordem dos Advogados diz que foi analisada toda a prova documental e os esclarecimentos da pr\u00f3pria empresa. <\/p>\n<p>O documento, a que o Expresso teve acesso, diz tamb\u00e9m que a ordem n\u00e3o tem meios e poderes para ir mais longe neste inqu\u00e9rito. <\/p>\n<p>J\u00e1 a averigua\u00e7\u00e3o preventiva ao primeiro-ministro ainda se mant\u00e9m.&#13;\n            <\/p>\n","protected":false},"excerpt":{"rendered":"A Ordem dos Advogados arquivou o inqu\u00e9rito \u00e0 Spinumviva por suspeitas de procuradoria il\u00edcita. Em comunicado, o baston\u00e1rio&hellip;\n","protected":false},"author":2,"featured_media":159288,"comment_status":"","ping_status":"","sticky":false,"template":"","format":"standard","meta":{"footnotes":""},"categories":[8],"tags":[27,28,15,16,14,25,26,21,22,12,13,19,20,32,23,24,33,420,421,17,18,29,30,31],"class_list":{"0":"post-159287","1":"post","2":"type-post","3":"status-publish","4":"format-standard","5":"has-post-thumbnail","7":"category-principais-noticias","8":"tag-breaking-news","9":"tag-breakingnews","10":"tag-featured-news","11":"tag-featurednews","12":"tag-headlines","13":"tag-latest-news","14":"tag-latestnews","15":"tag-main-news","16":"tag-mainnews","17":"tag-news","18":"tag-noticias","19":"tag-noticias-principais","20":"tag-noticiasprincipais","21":"tag-portugal","22":"tag-principais-noticias","23":"tag-principaisnoticias","24":"tag-pt","25":"tag-rtp","26":"tag-rtp-noticias","27":"tag-top-stories","28":"tag-topstories","29":"tag-ultimas","30":"tag-ultimas-noticias","31":"tag-ultimasnoticias"},"share_on_mastodon":{"url":"https:\/\/pubeurope.com\/@pt\/115584148903001540","error":""},"_links":{"self":[{"href":"https:\/\/www.europesays.com\/pt\/wp-json\/wp\/v2\/posts\/159287","targetHints":{"allow":["GET"]}}],"collection":[{"href":"https:\/\/www.europesays.com\/pt\/wp-json\/wp\/v2\/posts"}],"about":[{"href":"https:\/\/www.europesays.com\/pt\/wp-json\/wp\/v2\/types\/post"}],"author":[{"embeddable":true,"href":"https:\/\/www.europesays.com\/pt\/wp-json\/wp\/v2\/users\/2"}],"replies":[{"embeddable":true,"href":"https:\/\/www.europesays.com\/pt\/wp-json\/wp\/v2\/comments?post=159287"}],"version-history":[{"count":0,"href":"https:\/\/www.europesays.com\/pt\/wp-json\/wp\/v2\/posts\/159287\/revisions"}],"wp:featuredmedia":[{"embeddable":true,"href":"https:\/\/www.europesays.com\/pt\/wp-json\/wp\/v2\/media\/159288"}],"wp:attachment":[{"href":"https:\/\/www.europesays.com\/pt\/wp-json\/wp\/v2\/media?parent=159287"}],"wp:term":[{"taxonomy":"category","embeddable":true,"href":"https:\/\/www.europesays.com\/pt\/wp-json\/wp\/v2\/categories?post=159287"},{"taxonomy":"post_tag","embeddable":true,"href":"https:\/\/www.europesays.com\/pt\/wp-json\/wp\/v2\/tags?post=159287"}],"curies":[{"name":"wp","href":"https:\/\/api.w.org\/{rel}","templated":true}]}}