{"id":159289,"date":"2025-11-20T21:28:13","date_gmt":"2025-11-20T21:28:13","guid":{"rendered":"https:\/\/www.europesays.com\/pt\/159289\/"},"modified":"2025-11-20T21:28:13","modified_gmt":"2025-11-20T21:28:13","slug":"renato-aragao-rompe-o-silencio-apos-ser-acusado-de-dar-calote-na-propria-filha","status":"publish","type":"post","link":"https:\/\/www.europesays.com\/pt\/159289\/","title":{"rendered":"Renato Arag\u00e3o rompe o sil\u00eancio ap\u00f3s ser acusado de dar calote na pr\u00f3pria filha"},"content":{"rendered":"<p>Acusado pela filha <strong>Juliana Rangel Arag\u00e3o<\/strong> de aplicar um calote de R$ 872 mil, <a href=\"https:\/\/natelinha.uol.com.br\/famosos\/tudo-sobre\/renato-aragao\" rel=\"nofollow noopener\" target=\"_blank\">Renato Arag\u00e3o<\/a> rompeu o sil\u00eancio e deu a sua vers\u00e3o da hist\u00f3ria. Na a\u00e7\u00e3o de cobran\u00e7a, a mulher alega que o pai deixou de quitar um empr\u00e9stimo feito em 2018, proveniente da heran\u00e7a\u00a0que ela recebeu da m\u00e3e, Martha Maria Rangel Arag\u00e3o, j\u00e1 falecida.<\/p>\n<p>Em nota, a defesa do eterno Didi Moc\u00f3 negou as acusa\u00e7\u00f5es de Juliana. &#8220;H\u00e1 mais de uma d\u00e9cada, e sempre com o apoio de orienta\u00e7\u00e3o jur\u00eddica, ficou acordado que uma parte dos recursos herdados por Juliana da heran\u00e7a de sua m\u00e3e fosse administrada pelo pai, processo conduzido seguindo as orienta\u00e7\u00f5es do advogado da pr\u00f3pria Juliana&#8221;, explicou.<\/p>\n<p>+ <a href=\"https:\/\/natelinha.uol.com.br\/famosos\/2025\/11\/20\/xuxa-reclama-de-copias-na-epoca-dos-programas-infantis-fiquei-com-raiva-234183.php\" rel=\"nofollow noopener\" target=\"_blank\">Xuxa reclama de c\u00f3pias na \u00e9poca dos programas infantis: &#8220;Fiquei com raiva&#8221;<\/a><\/p>\n<p>continua depois da publicidade<\/p>\n<p>+ <a href=\"https:\/\/natelinha.uol.com.br\/televisao\/2025\/11\/20\/juan-paiva-revela-o-principal-motivo-de-ter-virado-ator-234182.php\" rel=\"nofollow noopener\" target=\"_blank\">Juan Paiva revela o principal motivo de ter virado ator<\/a><\/p>\n<p>&#8220;A inten\u00e7\u00e3o, desde o in\u00edcio, foi simples: garantir que seu patrim\u00f4nio estivesse protegido e bem-organizado, de forma que ela pudesse utiliz\u00e1-lo com tranquilidade ao longo do tempo, sempre priorizando tamb\u00e9m a seguran\u00e7a e o bem-estar de sua filha menor de idade&#8221;, completou.<\/p>\n<p>&#8220;Esse arranjo familiar &#8211; comum em muitas fam\u00edlias que buscam apoio na gest\u00e3o financeira &#8211; sempre funcionou de maneira transparente. Sempre que havia necessidade de movimenta\u00e7\u00f5es extraordin\u00e1rias que n\u00e3o eram do dia a dia &#8211; como despesas dom\u00e9sticas, uma vez que Juliana morava na casa do pai -, eram registradas por escrito, justamente para que Juliana tivesse controle claro sobre o que tinha sido usado e o que permanecia reservado para ela&#8221;, informou\u00a0o representante\u00a0de Renato Arag\u00e3o, que est\u00e1 com 90 anos.<\/p>\n<p>continua depois da publicidade<\/p>\n<p>&#8220;Neste ano, por\u00e9m, Juliana deixou a casa sem comunicar seu paradeiro e sem manter contato com a fam\u00edlia, inclusive deixando a filha menor aos cuidados do av\u00f4. Desde ent\u00e3o, todas as tentativas de aproxima\u00e7\u00e3o feitas pelo pai e pelos familiares t\u00eam sido sem sucesso. O que tem chegado \u00e0 fam\u00edlia s\u00e3o apenas notifica\u00e7\u00f5es jur\u00eddicas, e-mails com teor de chantagem e conte\u00fados publicados na internet que n\u00e3o representam a realidade&#8221;, criticou.<\/p>\n<p>Defesa de Renato Arag\u00e3o rebate filha do comediante<\/p>\n<p><img decoding=\"async\" loading=\"lazy\" class=\"horizontal\" src=\"https:\/\/www.europesays.com\/pt\/wp-content\/uploads\/2025\/11\/renato-aragao_6857.jpeg\" alt=\"Renato Arag\u00e3o rompe o sil\u00eancio ap\u00f3s ser acusado de dar calote na pr\u00f3pria filha\"\/><\/p>\n<p>Na nota, a defesa de Renato Arag\u00e3o informou ainda que busca preservar a integridade emocional da filha de Juliana Arag\u00e3o, J\u00falia.<\/p>\n<p>&#8220;O \u00fanico objetivo da fam\u00edlia, neste momento, \u00e9 preservar a integridade emocional de J\u00falia e garantir que os recursos pertencentes \u00e0 pr\u00f3pria Juliana continuem sendo administrados com responsabilidade, at\u00e9 que seja poss\u00edvel retomar o di\u00e1logo de forma respeitosa e segura. Tamb\u00e9m preocupa a interfer\u00eancia de terceiros, desconhecidos da fam\u00edlia e que possam estar usando de m\u00e1-f\u00e9 na condu\u00e7\u00e3o do processo, tentando se aproveitar da triste situa\u00e7\u00e3o para ganhos financeiros&#8221;, afirmou.<\/p>\n<p>continua depois da publicidade<\/p>\n<p>&#8220;Que fique claro que Renato Arag\u00e3o n\u00e3o precisa nem nunca precisou dos recursos de Juliana e que isso nunca foi incorporado ao patrim\u00f4nio dele nem de sua esposa, sendo apenas administrados pela fam\u00edlia por seguran\u00e7a da pr\u00f3pria Juliana. A fam\u00edlia segue aberta ao entendimento, sempre com respeito \u00e0 rela\u00e7\u00e3o de pai e filha, que \u00e9 a parte mais importante desse triste epis\u00f3dio&#8221;, concluiu a nota que foi enviada \u00e0 coluna de F\u00e1bia Oliveira.<\/p>\n","protected":false},"excerpt":{"rendered":"Acusado pela filha Juliana Rangel Arag\u00e3o de aplicar um calote de R$ 872 mil, Renato Arag\u00e3o rompeu o&hellip;\n","protected":false},"author":2,"featured_media":159290,"comment_status":"","ping_status":"","sticky":false,"template":"","format":"standard","meta":{"footnotes":""},"categories":[145],"tags":[211,210,114,115,32,33,33957],"class_list":{"0":"post-159289","1":"post","2":"type-post","3":"status-publish","4":"format-standard","5":"has-post-thumbnail","7":"category-celebridades","8":"tag-celebridades","9":"tag-celebrities","10":"tag-entertainment","11":"tag-entretenimento","12":"tag-portugal","13":"tag-pt","14":"tag-renato-aragao"},"share_on_mastodon":{"url":"https:\/\/pubeurope.com\/@pt\/115584152839503797","error":""},"_links":{"self":[{"href":"https:\/\/www.europesays.com\/pt\/wp-json\/wp\/v2\/posts\/159289","targetHints":{"allow":["GET"]}}],"collection":[{"href":"https:\/\/www.europesays.com\/pt\/wp-json\/wp\/v2\/posts"}],"about":[{"href":"https:\/\/www.europesays.com\/pt\/wp-json\/wp\/v2\/types\/post"}],"author":[{"embeddable":true,"href":"https:\/\/www.europesays.com\/pt\/wp-json\/wp\/v2\/users\/2"}],"replies":[{"embeddable":true,"href":"https:\/\/www.europesays.com\/pt\/wp-json\/wp\/v2\/comments?post=159289"}],"version-history":[{"count":0,"href":"https:\/\/www.europesays.com\/pt\/wp-json\/wp\/v2\/posts\/159289\/revisions"}],"wp:featuredmedia":[{"embeddable":true,"href":"https:\/\/www.europesays.com\/pt\/wp-json\/wp\/v2\/media\/159290"}],"wp:attachment":[{"href":"https:\/\/www.europesays.com\/pt\/wp-json\/wp\/v2\/media?parent=159289"}],"wp:term":[{"taxonomy":"category","embeddable":true,"href":"https:\/\/www.europesays.com\/pt\/wp-json\/wp\/v2\/categories?post=159289"},{"taxonomy":"post_tag","embeddable":true,"href":"https:\/\/www.europesays.com\/pt\/wp-json\/wp\/v2\/tags?post=159289"}],"curies":[{"name":"wp","href":"https:\/\/api.w.org\/{rel}","templated":true}]}}