{"id":159297,"date":"2025-11-20T21:40:26","date_gmt":"2025-11-20T21:40:26","guid":{"rendered":"https:\/\/www.europesays.com\/pt\/159297\/"},"modified":"2025-11-20T21:40:26","modified_gmt":"2025-11-20T21:40:26","slug":"encontrado-com-vida-idoso-que-estava-desaparecido-em-braga","status":"publish","type":"post","link":"https:\/\/www.europesays.com\/pt\/159297\/","title":{"rendered":"Encontrado com vida idoso que estava desaparecido em Braga"},"content":{"rendered":"<p data-remotead-prev-elm=\"true\" data-remotead-elm-id=\"inread\">Segundo o comandante dos Bombeiros Volunt\u00e1rios de Braga, Pedro Ribeiro, o idoso foi encontrado na Travessa de Cust\u00f3ias, na freguesia de Lomar, em Braga, pouco antes das 20 horas. &#8220;J\u00e1 apareceu e est\u00e1 bem&#8221;, confirmou fonte familiar, sem adiantar mais detalhes. <\/p>\n<blockquote data-type=\"articles\" data-id=\"related-article-18021580\"><p>\n              <strong>Leia tamb\u00e9m <\/strong><br \/>\n              <a href=\"https:\/\/www.jn.pt\/pais\/artigo\/familia-procura-idoso-com-demencia-desaparecido-em-braga\/18021580\" rel=\"nofollow noopener\" target=\"_blank\">Fam\u00edlia procura idoso com dem\u00eancia desaparecido em Braga<\/a>\n            <\/p><\/blockquote>\n<p>O homem, que sofre de dem\u00eancia, estava desaparecido desde a manh\u00e3 desta quarta-feira, o que levou a fam\u00edlia a lan\u00e7ar um apelo urgente para descobrir o seu paradeiro.<\/p>\n<p>Os familiares e outros populares bateram a zona de Espor\u00f5es, Figueiredo e Lamas desde manh\u00e3, tendo as buscas com meios dos Bombeiros Volunt\u00e1rios e Sapadores de Braga, da Prote\u00e7\u00e3o Civil Municipal e da GNR sido iniciadas \u00e0s 16 horas. <\/p>\n","protected":false},"excerpt":{"rendered":"Segundo o comandante dos Bombeiros Volunt\u00e1rios de Braga, Pedro Ribeiro, o idoso foi encontrado na Travessa de Cust\u00f3ias,&hellip;\n","protected":false},"author":2,"featured_media":159298,"comment_status":"","ping_status":"","sticky":false,"template":"","format":"standard","meta":{"footnotes":""},"categories":[10],"tags":[27,28,22615,21158,15,16,14,25,26,21,22,12,13,19,20,32,23,24,33,17,18,29,30,31],"class_list":{"0":"post-159297","1":"post","2":"type-post","3":"status-publish","4":"format-standard","5":"has-post-thumbnail","7":"category-portugal","8":"tag-breaking-news","9":"tag-breakingnews","10":"tag-concelho-braga","11":"tag-desaparecimento","12":"tag-featured-news","13":"tag-featurednews","14":"tag-headlines","15":"tag-latest-news","16":"tag-latestnews","17":"tag-main-news","18":"tag-mainnews","19":"tag-news","20":"tag-noticias","21":"tag-noticias-principais","22":"tag-noticiasprincipais","23":"tag-portugal","24":"tag-principais-noticias","25":"tag-principaisnoticias","26":"tag-pt","27":"tag-top-stories","28":"tag-topstories","29":"tag-ultimas","30":"tag-ultimas-noticias","31":"tag-ultimasnoticias"},"share_on_mastodon":{"url":"https:\/\/pubeurope.com\/@pt\/115584200072332609","error":""},"_links":{"self":[{"href":"https:\/\/www.europesays.com\/pt\/wp-json\/wp\/v2\/posts\/159297","targetHints":{"allow":["GET"]}}],"collection":[{"href":"https:\/\/www.europesays.com\/pt\/wp-json\/wp\/v2\/posts"}],"about":[{"href":"https:\/\/www.europesays.com\/pt\/wp-json\/wp\/v2\/types\/post"}],"author":[{"embeddable":true,"href":"https:\/\/www.europesays.com\/pt\/wp-json\/wp\/v2\/users\/2"}],"replies":[{"embeddable":true,"href":"https:\/\/www.europesays.com\/pt\/wp-json\/wp\/v2\/comments?post=159297"}],"version-history":[{"count":0,"href":"https:\/\/www.europesays.com\/pt\/wp-json\/wp\/v2\/posts\/159297\/revisions"}],"wp:featuredmedia":[{"embeddable":true,"href":"https:\/\/www.europesays.com\/pt\/wp-json\/wp\/v2\/media\/159298"}],"wp:attachment":[{"href":"https:\/\/www.europesays.com\/pt\/wp-json\/wp\/v2\/media?parent=159297"}],"wp:term":[{"taxonomy":"category","embeddable":true,"href":"https:\/\/www.europesays.com\/pt\/wp-json\/wp\/v2\/categories?post=159297"},{"taxonomy":"post_tag","embeddable":true,"href":"https:\/\/www.europesays.com\/pt\/wp-json\/wp\/v2\/tags?post=159297"}],"curies":[{"name":"wp","href":"https:\/\/api.w.org\/{rel}","templated":true}]}}