{"id":159301,"date":"2025-11-20T21:42:11","date_gmt":"2025-11-20T21:42:11","guid":{"rendered":"https:\/\/www.europesays.com\/pt\/159301\/"},"modified":"2025-11-20T21:42:11","modified_gmt":"2025-11-20T21:42:11","slug":"ex-sogra-de-vini-jr-desabafa-sobre-a-filha-cada-momento-dificil-que-voce-viveu","status":"publish","type":"post","link":"https:\/\/www.europesays.com\/pt\/159301\/","title":{"rendered":"Ex-sogra de Vini Jr desabafa sobre a filha: &#8216;Cada momento dif\u00edcil que voc\u00ea viveu&#8217;"},"content":{"rendered":"<p>Ex-sogra de <strong>Vini Jr<\/strong>, <strong>Patricia Mazali<\/strong> surpreendeu ao escrever um recado de apoio para a filha, <strong>Maju Mazalli<\/strong>. A jovem viveu um romance com o jogador de futebol entre 2024 e 2025, antes que <a href=\"https:\/\/caras.com.br\/esporte\/vini-jr-exibe-foto-inedita-com-virginia-em-momento-intimista.phtml\" rel=\"nofollow noopener\" target=\"_blank\">ele engatasse o namoro com <strong>Virginia<\/strong><\/a>.<\/p>\n<p>Ao ver um post da filha nas redes sociais, Patricia fez um coment\u00e1rio para refletir sobre as mudan\u00e7as na vida da herdeira nos \u00faltimos tempos. \u201cFilha eu sei que esse ano n\u00e3o foi f\u00e1cil pra voc\u00ea, e meu cora\u00e7\u00e3o apertou em cada momento dif\u00edcil que voc\u00ea viveu, mas tamb\u00e9m vi a sua for\u00e7a, mesmo quando voc\u00ea achou que n\u00e3o tinha mais nenhuma. Eu tenho tanto orgulho da mulher incr\u00edvel que voc\u00ea \u00e9. Que Deus traga o novo, mais leve, mais doce, e que traga tudo aquilo que seu cora\u00e7\u00e3o merece, acima de tudo que seja verdadeiro! Eu estou sempre com voc\u00ea, pra tudo hoje e sempre, te Amo!\u201c, disse ela.<\/p>\n<p>Em resposta, Maju disse: \u201cVoc\u00ea \u00e9 a raz\u00e3o do meu viver, minha rainha, minha for\u00e7a vem da senhora, te admiro em todos os sentidos, te amo um mundo inteiro!\u201c.<\/p>\n<p> <img loading=\"lazy\" decoding=\"async\" class=\"wp-image-1034037 size-full img-fluid lazy\" alt=\"Post de Patricia Mazali - Foto: Reprodu\u00e7\u00e3o \/ Instagram\" width=\"988\" height=\"610\" src=\"https:\/\/www.europesays.com\/pt\/wp-content\/uploads\/2025\/11\/post-patricia-mazali.jpg\"  \/>Post de Patricia Mazali \u2013 Foto: Reprodu\u00e7\u00e3o \/ Instagram Quem \u00e9 Maju Mazalli? <\/p>\n<p>Maju Mazalli \u00e9 influenciadora digital. Ela ficou famosa ao participar do reality show De F\u00e9rias com o Ex, e tamb\u00e9m por viver um romance com Vini Jr.<\/p>\n<p>Maju e Vini se conheceram em 2017 por meio de uma amiga, mas s\u00f3 se envolveram romanticamente alguns anos depois, quando ele a convidou para ir at\u00e9 Madrid. \u201cMe convidou para ir l\u00e1. Na \u00e9poca, eu tinha colocado silicone e n\u00e3o consegui. Depois, cheguei a ir e conheci a fam\u00edlia inteira dele. Fui para passar uns 15 dias. Ficamos e tal. Isso rolou por uns dois anos e eu que ia sempre porque ele n\u00e3o conseguia vir por causa dos jogos. Passei dois anos fazendo isso. A gente estava junto, mas n\u00e3o sabia realmente o que t\u00ednhamos. Ele n\u00e3o gostava que eu estava no De F\u00e9rias. Eu tinha ci\u00fames tamb\u00e9m porque o ass\u00e9dio das mulheres para jogador de futebol \u00e9 surreal. Eu morria de ci\u00fames. Era uma troca de ci\u00fames abusiva e hoje a gente reconhece que era muita imaturidade\u201d, disse ela no podcast de Lucas Selfie.<\/p>\n<p>Al\u00e9m disso, ela tamb\u00e9m contou que o romance chegou ao fim por causa de trai\u00e7\u00e3o. \u201cEu achava que era uma parada que ia dar certo, mas n\u00e3o rolou no fim. Ele \u00e9 muito novo e eu entendo que ele tem muita coisa para viver. [Como rolou esse fim?] O carma de ser corna vem desde l\u00e1 de tr\u00e1s. Aconteceu que a pessoa n\u00e3o consegue ficar com uma pessoa s\u00f3. Eu descobri mil coisas, fiquei chateadas por mil coisas. [Rolou um chifrezinho?] Eu vi na verdade, mas, enfim, n\u00e3o vem ao caso. O chifre foi brasileiro. Ainda falei para a minha m\u00e3e que ia perdoar\u201c, afirmou. Tempos depois, os rumores diziam que eles tinham reatado, mas os dois n\u00e3o se pronunciaram sobre o assunto.<\/p>\n<p><strong>Leia tamb\u00e9m:<\/strong> <a href=\"https:\/\/caras.com.br\/atualidades\/virginia-mostra-o-que-faz-para-matar-a-saudade-de-vini-jr-ja.phtml\" rel=\"nofollow noopener\" target=\"_blank\">Virginia mostra o que faz para matar a saudade de Vini Jr: \u2018J\u00e1\u2019<\/a><\/p>\n<p>        <a href=\"https:\/\/caras.com.br\/autor\/priscilla-comoti\" rel=\"nofollow noopener\" target=\"_blank\">&#13;<br \/>\n          <img alt=\"Priscilla Comoti\" src=\"https:\/\/www.europesays.com\/pt\/wp-content\/uploads\/2025\/11\/1763674931_875_e53883bdf02c542f6517b68879e8cb08b27a1d55c4dfd53577e47d3ab6331a06\"  class=\"avatar avatar-115 photo rounded-circle mr-3\" height=\"115\" width=\"115\" loading=\"lazy\" decoding=\"async\"\/>        <\/a><\/p>\n<p>Priscilla Comoti \u00e9 editora de conte\u00fado do site CARAS. Ela \u00e9 formada em jornalismo e em audiovisual, j\u00e1 passou pelos sites Contigo!, Minha Novela, TiTiTi, Mais Novela e Portal M\u00e1rcia Piovesan. Escreve sobre celebridades, not\u00edcias sobre a fam\u00edlia real brit\u00e2nica, TV, reality show e novelas.<\/p>\n","protected":false},"excerpt":{"rendered":"Ex-sogra de Vini Jr, Patricia Mazali surpreendeu ao escrever um recado de apoio para a filha, Maju Mazalli.&hellip;\n","protected":false},"author":2,"featured_media":159302,"comment_status":"","ping_status":"","sticky":false,"template":"","format":"standard","meta":{"footnotes":""},"categories":[145],"tags":[5572,211,210,114,115,33958,33959,32,33,1016,3126],"class_list":{"0":"post-159301","1":"post","2":"type-post","3":"status-publish","4":"format-standard","5":"has-post-thumbnail","7":"category-celebridades","8":"tag-affair","9":"tag-celebridades","10":"tag-celebrities","11":"tag-entertainment","12":"tag-entretenimento","13":"tag-ex-sogra","14":"tag-maju-mazalli","15":"tag-portugal","16":"tag-pt","17":"tag-romance","18":"tag-vini-jr"},"share_on_mastodon":{"url":"https:\/\/pubeurope.com\/@pt\/115584207949724497","error":""},"_links":{"self":[{"href":"https:\/\/www.europesays.com\/pt\/wp-json\/wp\/v2\/posts\/159301","targetHints":{"allow":["GET"]}}],"collection":[{"href":"https:\/\/www.europesays.com\/pt\/wp-json\/wp\/v2\/posts"}],"about":[{"href":"https:\/\/www.europesays.com\/pt\/wp-json\/wp\/v2\/types\/post"}],"author":[{"embeddable":true,"href":"https:\/\/www.europesays.com\/pt\/wp-json\/wp\/v2\/users\/2"}],"replies":[{"embeddable":true,"href":"https:\/\/www.europesays.com\/pt\/wp-json\/wp\/v2\/comments?post=159301"}],"version-history":[{"count":0,"href":"https:\/\/www.europesays.com\/pt\/wp-json\/wp\/v2\/posts\/159301\/revisions"}],"wp:featuredmedia":[{"embeddable":true,"href":"https:\/\/www.europesays.com\/pt\/wp-json\/wp\/v2\/media\/159302"}],"wp:attachment":[{"href":"https:\/\/www.europesays.com\/pt\/wp-json\/wp\/v2\/media?parent=159301"}],"wp:term":[{"taxonomy":"category","embeddable":true,"href":"https:\/\/www.europesays.com\/pt\/wp-json\/wp\/v2\/categories?post=159301"},{"taxonomy":"post_tag","embeddable":true,"href":"https:\/\/www.europesays.com\/pt\/wp-json\/wp\/v2\/tags?post=159301"}],"curies":[{"name":"wp","href":"https:\/\/api.w.org\/{rel}","templated":true}]}}