{"id":159311,"date":"2025-11-20T22:00:09","date_gmt":"2025-11-20T22:00:09","guid":{"rendered":"https:\/\/www.europesays.com\/pt\/159311\/"},"modified":"2025-11-20T22:00:09","modified_gmt":"2025-11-20T22:00:09","slug":"parlamento-aprova-descida-do-irs-do-2-o-ao-5-o-escaloes-orcamento-do-estado-2026","status":"publish","type":"post","link":"https:\/\/www.europesays.com\/pt\/159311\/","title":{"rendered":"Parlamento aprova descida do IRS do 2.\u00ba ao 5.\u00ba escal\u00f5es | Or\u00e7amento do Estado 2026"},"content":{"rendered":"<p>O Parlamento aprovou esta quinta-feira, na especialidade, a redu\u00e7\u00e3o das taxas do 2.\u00ba ao 5.\u00ba escal\u00f5es de IRS no pr\u00f3ximo ano, sem altera\u00e7\u00f5es em rela\u00e7\u00e3o \u00e0 iniciativa original da proposta de Or\u00e7amento do Estado para 2026 (<a href=\"https:\/\/www.publico.pt\/orcamento-estado-2026\" target=\"_blank\" rel=\"nofollow noopener\">OE2026<\/a>).<\/p>\n<p>O desagravamento contou com os votos a favor das bancadas do PSD, CDS-PP, Chega, IL e Livre, com o voto contra do PCP e com a absten\u00e7\u00e3o do PS e BE.<\/p>\n<p>A taxa do 1.\u00ba escal\u00e3o n\u00e3o sofre altera\u00e7\u00f5es, mantendo-se nos actuais 12,5%. A taxa do 2.\u00ba degrau passa dos actuais 16% para 15,7%, a do 3.\u00ba baixa de 21,5% para 21,2%, no 4.\u00ba degrau h\u00e1 um desagravamento da taxa de 24,4% para 24,1% e, por \u00faltimo, a taxa da 5.\u00aa fatia de rendimento passa de 31,4% para 31,1%.<\/p>\n<p>Como previsto desde a \u00faltima altera\u00e7\u00e3o \u00e0 tabela do IRS decidida pelo parlamento em Julho, as taxas dos 6.\u00ba (34,9%), 7.\u00ba (43,1%) e 8.\u00ba (44,6%)e 9.\u00ba escal\u00f5es (48%) permanecer\u00e3o iguais.<\/p>\n<p>Embora n\u00e3o haja uma redu\u00e7\u00e3o das taxas dos \u00faltimos patamares, os contribuintes nestas bandas de rendimento tamb\u00e9m beneficiam do desagravamento, porque o IRS \u00e9 calculado de forma progressiva, isto \u00e9, o rendimento de um contribuinte \u00e9 dividido de acordo com o figurino dos escal\u00f5es e a cada um aplica-se a respectiva taxa. Com isso, o al\u00edvio nos patamares inferiores tamb\u00e9m se repercute no rendimento tributado desses contribuintes, diminuindo o IRS a pagar.<\/p>\n<p>Al\u00e9m da redu\u00e7\u00e3o das taxas, a nova tabela agora aprovada na especialidade traz uma actualiza\u00e7\u00e3o dos valores que definem cada um dos escal\u00f5es do IRS em 3,51%.<\/p>\n<p>Tamb\u00e9m foi aprovada uma outra norma que actualiza o valor do m\u00ednimo de exist\u00eancia, a regra fiscal que garante que tem rendimentos mais baixos, at\u00e9 ao valor do sal\u00e1rio m\u00ednimo, fica totalmente isento de imposto.<\/p>\n<p>Com a aprova\u00e7\u00e3o, fica garantido que n\u00e3o pagar\u00e3o IRS os rendimentos anuais at\u00e9 12.880 euros ou, no caso superior, at\u00e9 ao montante que resulta da actualiza\u00e7\u00e3o do Indexante dos Apoios Sociais (IAS), o correspondente a 1,5 vezes o IAS a 14 meses.<\/p>\n<p>        &#13;<\/p>\n<p>&#13;<br \/>\n                &#13;\n            <\/p>\n<p>&#13;<\/p>\n","protected":false},"excerpt":{"rendered":"O Parlamento aprovou esta quinta-feira, na especialidade, a redu\u00e7\u00e3o das taxas do 2.\u00ba ao 5.\u00ba escal\u00f5es de IRS&hellip;\n","protected":false},"author":2,"featured_media":159312,"comment_status":"","ping_status":"","sticky":false,"template":"","format":"standard","meta":{"footnotes":""},"categories":[8],"tags":[27,28,476,15,16,14,2501,4306,25,26,21,22,12,13,19,20,23591,32,23,24,33,17,18,29,30,31],"class_list":{"0":"post-159311","1":"post","2":"type-post","3":"status-publish","4":"format-standard","5":"has-post-thumbnail","7":"category-principais-noticias","8":"tag-breaking-news","9":"tag-breakingnews","10":"tag-economia","11":"tag-featured-news","12":"tag-featurednews","13":"tag-headlines","14":"tag-impostos","15":"tag-irs","16":"tag-latest-news","17":"tag-latestnews","18":"tag-main-news","19":"tag-mainnews","20":"tag-news","21":"tag-noticias","22":"tag-noticias-principais","23":"tag-noticiasprincipais","24":"tag-orcamento-do-estado-2026","25":"tag-portugal","26":"tag-principais-noticias","27":"tag-principaisnoticias","28":"tag-pt","29":"tag-top-stories","30":"tag-topstories","31":"tag-ultimas","32":"tag-ultimas-noticias","33":"tag-ultimasnoticias"},"share_on_mastodon":{"url":"https:\/\/pubeurope.com\/@pt\/115584278471908121","error":""},"_links":{"self":[{"href":"https:\/\/www.europesays.com\/pt\/wp-json\/wp\/v2\/posts\/159311","targetHints":{"allow":["GET"]}}],"collection":[{"href":"https:\/\/www.europesays.com\/pt\/wp-json\/wp\/v2\/posts"}],"about":[{"href":"https:\/\/www.europesays.com\/pt\/wp-json\/wp\/v2\/types\/post"}],"author":[{"embeddable":true,"href":"https:\/\/www.europesays.com\/pt\/wp-json\/wp\/v2\/users\/2"}],"replies":[{"embeddable":true,"href":"https:\/\/www.europesays.com\/pt\/wp-json\/wp\/v2\/comments?post=159311"}],"version-history":[{"count":0,"href":"https:\/\/www.europesays.com\/pt\/wp-json\/wp\/v2\/posts\/159311\/revisions"}],"wp:featuredmedia":[{"embeddable":true,"href":"https:\/\/www.europesays.com\/pt\/wp-json\/wp\/v2\/media\/159312"}],"wp:attachment":[{"href":"https:\/\/www.europesays.com\/pt\/wp-json\/wp\/v2\/media?parent=159311"}],"wp:term":[{"taxonomy":"category","embeddable":true,"href":"https:\/\/www.europesays.com\/pt\/wp-json\/wp\/v2\/categories?post=159311"},{"taxonomy":"post_tag","embeddable":true,"href":"https:\/\/www.europesays.com\/pt\/wp-json\/wp\/v2\/tags?post=159311"}],"curies":[{"name":"wp","href":"https:\/\/api.w.org\/{rel}","templated":true}]}}