{"id":159313,"date":"2025-11-20T22:01:11","date_gmt":"2025-11-20T22:01:11","guid":{"rendered":"https:\/\/www.europesays.com\/pt\/159313\/"},"modified":"2025-11-20T22:01:11","modified_gmt":"2025-11-20T22:01:11","slug":"cristina-ferreira-revela-fotografia-sua-terrivel-tirada-em-2007-e-reflete-sobre-o-passado-dois-as-10","status":"publish","type":"post","link":"https:\/\/www.europesays.com\/pt\/159313\/","title":{"rendered":"Cristina Ferreira revela fotografia sua \u00abterr\u00edvel\u00bb tirada em 2007 e reflete sobre o passado &#8211; Dois \u00e0s 10"},"content":{"rendered":"<p>                        Cristina Ferreira surpreendeu os seguidores ao recuperar alguns \u00abtesourinhos\u00bb do passado.<\/p>\n<p><strong>Cristina Ferreira<\/strong> utilizou a sua conta de Instagram para divulgar v\u00e1rias imagens antigas do seu percurso. S\u00e3o fotografias com alguns anos e, juntamente com elas, deixou um desabafo sentido sobre o passar do tempo.<\/p>\n<p><strong>\u00abOs 48 s\u00e3o os novos 48. Fazemos do tempo o que queremos. \u00c0s vezes, \u00e9 preciso olhar para tr\u00e1s para percebermos que estamos melhores, mais confiantes, mais tudo. Cuidar \u00e9 aproveitar cada momento, viver cada dia como o in\u00edcio\u00bb<\/strong>, escreveu inicialmente.<\/p>\n<p>\u00ab<strong>A de 2007 \u00e9 terr\u00edvel\u00bb<\/strong>, acrescentou, referindo-se a um dos registos. Em cada fotografia, deixou pequenos coment\u00e1rios que refletem a sua evolu\u00e7\u00e3o.<\/p>\n<p>J\u00e1 na caixa de coment\u00e1rios, surgiram elogios das seguidoras.<\/p>\n","protected":false},"excerpt":{"rendered":"Cristina Ferreira surpreendeu os seguidores ao recuperar alguns \u00abtesourinhos\u00bb do passado. Cristina Ferreira utilizou a sua conta de&hellip;\n","protected":false},"author":2,"featured_media":159314,"comment_status":"","ping_status":"","sticky":false,"template":"","format":"standard","meta":{"footnotes":""},"categories":[145],"tags":[211,210,329,166,3412,3406,3409,801,3410,3411,3407,3408,114,115,3413,338,32,33],"class_list":{"0":"post-159313","1":"post","2":"type-post","3":"status-publish","4":"format-standard","5":"has-post-thumbnail","7":"category-celebridades","8":"tag-celebridades","9":"tag-celebrities","10":"tag-claudio-ramos","11":"tag-cristina-ferreira","12":"tag-dois-10","13":"tag-dois-a-s-10-dois-a-s-10","14":"tag-dois-a-s-dez","15":"tag-dois-as-10","16":"tag-dois-as-dez","17":"tag-dois-dez","18":"tag-doisas10","19":"tag-doisasdez","20":"tag-entertainment","21":"tag-entretenimento","22":"tag-manha-tvi","23":"tag-maria-botelho-moniz","24":"tag-portugal","25":"tag-pt"},"share_on_mastodon":{"url":"https:\/\/pubeurope.com\/@pt\/115584282357249078","error":""},"_links":{"self":[{"href":"https:\/\/www.europesays.com\/pt\/wp-json\/wp\/v2\/posts\/159313","targetHints":{"allow":["GET"]}}],"collection":[{"href":"https:\/\/www.europesays.com\/pt\/wp-json\/wp\/v2\/posts"}],"about":[{"href":"https:\/\/www.europesays.com\/pt\/wp-json\/wp\/v2\/types\/post"}],"author":[{"embeddable":true,"href":"https:\/\/www.europesays.com\/pt\/wp-json\/wp\/v2\/users\/2"}],"replies":[{"embeddable":true,"href":"https:\/\/www.europesays.com\/pt\/wp-json\/wp\/v2\/comments?post=159313"}],"version-history":[{"count":0,"href":"https:\/\/www.europesays.com\/pt\/wp-json\/wp\/v2\/posts\/159313\/revisions"}],"wp:featuredmedia":[{"embeddable":true,"href":"https:\/\/www.europesays.com\/pt\/wp-json\/wp\/v2\/media\/159314"}],"wp:attachment":[{"href":"https:\/\/www.europesays.com\/pt\/wp-json\/wp\/v2\/media?parent=159313"}],"wp:term":[{"taxonomy":"category","embeddable":true,"href":"https:\/\/www.europesays.com\/pt\/wp-json\/wp\/v2\/categories?post=159313"},{"taxonomy":"post_tag","embeddable":true,"href":"https:\/\/www.europesays.com\/pt\/wp-json\/wp\/v2\/tags?post=159313"}],"curies":[{"name":"wp","href":"https:\/\/api.w.org\/{rel}","templated":true}]}}