{"id":159323,"date":"2025-11-20T22:14:10","date_gmt":"2025-11-20T22:14:10","guid":{"rendered":"https:\/\/www.europesays.com\/pt\/159323\/"},"modified":"2025-11-20T22:14:10","modified_gmt":"2025-11-20T22:14:10","slug":"video-trump-publica-video-a-jogar-futebol-com-ronaldo-na-sala-oval","status":"publish","type":"post","link":"https:\/\/www.europesays.com\/pt\/159323\/","title":{"rendered":"V\u00cdDEO: Trump publica v\u00eddeo a \u00abjogar futebol\u00bb com Ronaldo na Sala Oval"},"content":{"rendered":"<p>O encontro entre<a href=\"https:\/\/maisfutebol.iol.pt\/cristiano-ronaldo\/donald-trump\/fotos-o-encontro-entre-cristiano-ronaldo-e-donald-trump-na-casa-branca\" rel=\"nofollow noopener\" target=\"_blank\"> Cristiano Ronaldo e Donald Trump na Casa Branca<\/a> viralizou pelo mundo fora. Dois dias depois o assunto continua a ganhar repercuss\u00e3o. At\u00e9 porque, na rede social Truth Social, Trump publicou um v\u00eddeo que \u00e9, no m\u00ednimo, caricato.\u00a0<\/p>\n<p>Numa rede social que Trump criou para n\u00e3o usar o X, antigo Twitter, o presidente americano deixou elogios a Ronaldo ao mesmo tempo em que \u00abmostrou\u00bb dotes para o futebol.\u00a0<\/p>\n<p>\u00abRonaldo \u00e9 uma pessoa incr\u00edvel. Adorei conhec\u00ea-lo na Casa Branca. Muito inteligente e fixe!!!\u00bb, escreveu o presidente dos Estados Unidos da Am\u00e9rica na conta principal da Truth Social.<\/p>\n<p>No que toca ao v\u00eddeo, que claramente \u00e9 falso e foi criado por Intelig\u00eancia Artificial, Trump e Cristiano aparecem a dar toques na bola e a jogar futebol na Sala Oval.<\/p>\n<p><strong>Ora veja o v\u00eddeo em quest\u00e3o:<\/strong><\/p>\n","protected":false},"excerpt":{"rendered":"O encontro entre Cristiano Ronaldo e Donald Trump na Casa Branca viralizou pelo mundo fora. Dois dias depois&hellip;\n","protected":false},"author":2,"featured_media":159324,"comment_status":"","ping_status":"","sticky":false,"template":"","format":"standard","meta":{"footnotes":""},"categories":[8],"tags":[27,28,33960,667,92,15,16,14,4238,933,82,25,26,21,22,46,12,13,19,20,32,23,24,33,47,17,18,29,30,31,578],"class_list":{"0":"post-159323","1":"post","2":"type-post","3":"status-publish","4":"format-standard","5":"has-post-thumbnail","7":"category-principais-noticias","8":"tag-breaking-news","9":"tag-breakingnews","10":"tag-caricato","11":"tag-cristiano-ronaldo","12":"tag-donald-trump","13":"tag-featured-news","14":"tag-featurednews","15":"tag-headlines","16":"tag-incrivel","17":"tag-inteligencia-artificial","18":"tag-internacional","19":"tag-latest-news","20":"tag-latestnews","21":"tag-main-news","22":"tag-mainnews","23":"tag-maisfutebol","24":"tag-news","25":"tag-noticias","26":"tag-noticias-principais","27":"tag-noticiasprincipais","28":"tag-portugal","29":"tag-principais-noticias","30":"tag-principaisnoticias","31":"tag-pt","32":"tag-pura-paixao","33":"tag-top-stories","34":"tag-topstories","35":"tag-ultimas","36":"tag-ultimas-noticias","37":"tag-ultimasnoticias","38":"tag-video"},"share_on_mastodon":{"url":"","error":"Validation failed: Text character limit of 500 exceeded"},"_links":{"self":[{"href":"https:\/\/www.europesays.com\/pt\/wp-json\/wp\/v2\/posts\/159323","targetHints":{"allow":["GET"]}}],"collection":[{"href":"https:\/\/www.europesays.com\/pt\/wp-json\/wp\/v2\/posts"}],"about":[{"href":"https:\/\/www.europesays.com\/pt\/wp-json\/wp\/v2\/types\/post"}],"author":[{"embeddable":true,"href":"https:\/\/www.europesays.com\/pt\/wp-json\/wp\/v2\/users\/2"}],"replies":[{"embeddable":true,"href":"https:\/\/www.europesays.com\/pt\/wp-json\/wp\/v2\/comments?post=159323"}],"version-history":[{"count":0,"href":"https:\/\/www.europesays.com\/pt\/wp-json\/wp\/v2\/posts\/159323\/revisions"}],"wp:featuredmedia":[{"embeddable":true,"href":"https:\/\/www.europesays.com\/pt\/wp-json\/wp\/v2\/media\/159324"}],"wp:attachment":[{"href":"https:\/\/www.europesays.com\/pt\/wp-json\/wp\/v2\/media?parent=159323"}],"wp:term":[{"taxonomy":"category","embeddable":true,"href":"https:\/\/www.europesays.com\/pt\/wp-json\/wp\/v2\/categories?post=159323"},{"taxonomy":"post_tag","embeddable":true,"href":"https:\/\/www.europesays.com\/pt\/wp-json\/wp\/v2\/tags?post=159323"}],"curies":[{"name":"wp","href":"https:\/\/api.w.org\/{rel}","templated":true}]}}