{"id":159325,"date":"2025-11-20T22:15:27","date_gmt":"2025-11-20T22:15:27","guid":{"rendered":"https:\/\/www.europesays.com\/pt\/159325\/"},"modified":"2025-11-20T22:15:27","modified_gmt":"2025-11-20T22:15:27","slug":"o-filme-de-acao-que-denzel-washington-so-fez-apos-seu-barbeiro-aprovar-sempre-entrego-a-ele-os-roteiros-filmes","status":"publish","type":"post","link":"https:\/\/www.europesays.com\/pt\/159325\/","title":{"rendered":"O filme de a\u00e7\u00e3o que Denzel Washington s\u00f3 fez ap\u00f3s seu barbeiro aprovar: &#8216;Sempre entrego a ele os roteiros&#8217; | Filmes"},"content":{"rendered":"\n<p class=\" content-text__container \" data-track-category=\"Link no Texto\" data-track-links=\"\"> \u201cEu n\u00e3o sabia dos quadrinhos. Eu s\u00f3 li o roteiro e ri bastante. Ent\u00e3o, eu entreguei para as pessoas que eu confio, meus filhos e meu barbeiro [e eles aprovaram]\u201d, revelou ao Collider. Ent\u00e3o, quando os interlocutores acharam que ele estava brincando, o astro enfatizou que n\u00e3o. Ainda, destacou que o barbeiro, cuja indentidade foi mantida no anonimato, era uma das primeiras pessoas com quem ele fal quando recebe uma nova proposta. <\/p>\n","protected":false},"excerpt":{"rendered":"\u201cEu n\u00e3o sabia dos quadrinhos. Eu s\u00f3 li o roteiro e ri bastante. Ent\u00e3o, eu entreguei para as&hellip;\n","protected":false},"author":2,"featured_media":159326,"comment_status":"","ping_status":"","sticky":false,"template":"","format":"standard","meta":{"footnotes":""},"categories":[145],"tags":[211,210,114,115,32,33],"class_list":{"0":"post-159325","1":"post","2":"type-post","3":"status-publish","4":"format-standard","5":"has-post-thumbnail","7":"category-celebridades","8":"tag-celebridades","9":"tag-celebrities","10":"tag-entertainment","11":"tag-entretenimento","12":"tag-portugal","13":"tag-pt"},"share_on_mastodon":{"url":"https:\/\/pubeurope.com\/@pt\/115584337364026564","error":""},"_links":{"self":[{"href":"https:\/\/www.europesays.com\/pt\/wp-json\/wp\/v2\/posts\/159325","targetHints":{"allow":["GET"]}}],"collection":[{"href":"https:\/\/www.europesays.com\/pt\/wp-json\/wp\/v2\/posts"}],"about":[{"href":"https:\/\/www.europesays.com\/pt\/wp-json\/wp\/v2\/types\/post"}],"author":[{"embeddable":true,"href":"https:\/\/www.europesays.com\/pt\/wp-json\/wp\/v2\/users\/2"}],"replies":[{"embeddable":true,"href":"https:\/\/www.europesays.com\/pt\/wp-json\/wp\/v2\/comments?post=159325"}],"version-history":[{"count":0,"href":"https:\/\/www.europesays.com\/pt\/wp-json\/wp\/v2\/posts\/159325\/revisions"}],"wp:featuredmedia":[{"embeddable":true,"href":"https:\/\/www.europesays.com\/pt\/wp-json\/wp\/v2\/media\/159326"}],"wp:attachment":[{"href":"https:\/\/www.europesays.com\/pt\/wp-json\/wp\/v2\/media?parent=159325"}],"wp:term":[{"taxonomy":"category","embeddable":true,"href":"https:\/\/www.europesays.com\/pt\/wp-json\/wp\/v2\/categories?post=159325"},{"taxonomy":"post_tag","embeddable":true,"href":"https:\/\/www.europesays.com\/pt\/wp-json\/wp\/v2\/tags?post=159325"}],"curies":[{"name":"wp","href":"https:\/\/api.w.org\/{rel}","templated":true}]}}