{"id":159327,"date":"2025-11-20T22:18:10","date_gmt":"2025-11-20T22:18:10","guid":{"rendered":"https:\/\/www.europesays.com\/pt\/159327\/"},"modified":"2025-11-20T22:18:10","modified_gmt":"2025-11-20T22:18:10","slug":"ana-duarte-reconcilia-se-com-ex-namorado-e-ate-ha-musica-o-amor-nunca-morre","status":"publish","type":"post","link":"https:\/\/www.europesays.com\/pt\/159327\/","title":{"rendered":"Ana Duarte reconcilia-se com ex-namorado e at\u00e9 h\u00e1 m\u00fasica: &#8220;O amor nunca morre&#8221;"},"content":{"rendered":"<p>Foi Bruna, que esteve no programa &#8220;Dois \u00e0s 10&#8221; desta quinta-feira, dia 20, quem revelou que\u00a0<a href=\"https:\/\/selfie.iol.pt\/famosos\/big-brother-verao\/ana-duarte-surpreende-viriato-quintela-em-direto-e-bom-que-tires-o-meu-nome-da-tua-boca\/20250918\/68cc2359d34ee0c2fed0412f\" target=\"_blank\" rel=\"nofollow noopener\">Ana Duarte<\/a> voltou para os bra\u00e7os do ex-namorado, Diogo.<\/p>\n<p>A cantora apresentou o tema &#8220;O Amor Nunca Morre&#8221; que, conforme Bruna explicou, foi inspirado na hist\u00f3ria de amor da concorrente do &#8220;<a href=\"https:\/\/tvi.iol.pt\/bigbrother\/\" target=\"_blank\" rel=\"nofollow noopener\">Big Brother Ver\u00e3o<\/a>&#8220;.<\/p>\n<p>O <a href=\"https:\/\/selfie.iol.pt\/famosos\/big-brother-verao\/coladinhos-e-com-a-mao-no-pescoco-jessica-vieira-surge-com-rosto-conhecido-e-ja-se-fala-em-romance\/20251119\/691db89cd34e2bd5c6d42a96\" target=\"_blank\" rel=\"nofollow noopener\">videoclipe do tema \u00e9 protagonizado por J\u00e9ssica Vieira e Jo\u00e3o Oliveira<\/a> e a cumplicidade dos ex-concorrentes do reality show da TVI tem dado azo a rumores de romance.<\/p>\n<p>Recorde-se que J\u00e9ssica Vieira saiu vencedora do &#8220;Big Brother Ver\u00e3o&#8221;, menos de um ano depois de ter concorrido \u00e0 oitava edi\u00e7\u00e3o de &#8220;Secret Story &#8211; Casa dos Segredos&#8221;.<\/p>\n<p>Veja, agora, nas galerias que prepar\u00e1mos para si, as melhores imagens de Ana Duarte e assista no <a href=\"https:\/\/tviplayer.iol.pt\/programa\/dois-as-10\/5fe219a40cf2cc9de7ef9590\" target=\"_blank\" rel=\"nofollow noopener\">TVI Player \u00e0 emiss\u00e3o do programa &#8220;Dois \u00e0s 10&#8221; do dia 20<\/a>.<\/p>\n","protected":false},"excerpt":{"rendered":"Foi Bruna, que esteve no programa &#8220;Dois \u00e0s 10&#8221; desta quinta-feira, dia 20, quem revelou que\u00a0Ana Duarte voltou&hellip;\n","protected":false},"author":2,"featured_media":159328,"comment_status":"","ping_status":"","sticky":false,"template":"","format":"standard","meta":{"footnotes":""},"categories":[142],"tags":[340,48,1997,29321,801,114,115,980,1417,435,619,32,33,1412,1012,151],"class_list":{"0":"post-159327","1":"post","2":"type-post","3":"status-publish","4":"format-standard","5":"has-post-thumbnail","7":"category-tv","8":"tag-ana-duarte","9":"tag-big-brother","10":"tag-bruna","11":"tag-diogo","12":"tag-dois-as-10","13":"tag-entertainment","14":"tag-entretenimento","15":"tag-famosos","16":"tag-jessica-vieira","17":"tag-joao-oliveira","18":"tag-nacional","19":"tag-portugal","20":"tag-pt","21":"tag-reconciliacao","22":"tag-selfie","23":"tag-tv"},"share_on_mastodon":{"url":"https:\/\/pubeurope.com\/@pt\/115584349170271416","error":""},"_links":{"self":[{"href":"https:\/\/www.europesays.com\/pt\/wp-json\/wp\/v2\/posts\/159327","targetHints":{"allow":["GET"]}}],"collection":[{"href":"https:\/\/www.europesays.com\/pt\/wp-json\/wp\/v2\/posts"}],"about":[{"href":"https:\/\/www.europesays.com\/pt\/wp-json\/wp\/v2\/types\/post"}],"author":[{"embeddable":true,"href":"https:\/\/www.europesays.com\/pt\/wp-json\/wp\/v2\/users\/2"}],"replies":[{"embeddable":true,"href":"https:\/\/www.europesays.com\/pt\/wp-json\/wp\/v2\/comments?post=159327"}],"version-history":[{"count":0,"href":"https:\/\/www.europesays.com\/pt\/wp-json\/wp\/v2\/posts\/159327\/revisions"}],"wp:featuredmedia":[{"embeddable":true,"href":"https:\/\/www.europesays.com\/pt\/wp-json\/wp\/v2\/media\/159328"}],"wp:attachment":[{"href":"https:\/\/www.europesays.com\/pt\/wp-json\/wp\/v2\/media?parent=159327"}],"wp:term":[{"taxonomy":"category","embeddable":true,"href":"https:\/\/www.europesays.com\/pt\/wp-json\/wp\/v2\/categories?post=159327"},{"taxonomy":"post_tag","embeddable":true,"href":"https:\/\/www.europesays.com\/pt\/wp-json\/wp\/v2\/tags?post=159327"}],"curies":[{"name":"wp","href":"https:\/\/api.w.org\/{rel}","templated":true}]}}