{"id":159345,"date":"2025-11-20T22:46:14","date_gmt":"2025-11-20T22:46:14","guid":{"rendered":"https:\/\/www.europesays.com\/pt\/159345\/"},"modified":"2025-11-20T22:46:14","modified_gmt":"2025-11-20T22:46:14","slug":"jessica-maria-tenho-tres-ciganos-dentro-da-minha-casa-nao-da-vontade-de-perder-a-cabeca","status":"publish","type":"post","link":"https:\/\/www.europesays.com\/pt\/159345\/","title":{"rendered":"J\u00e9ssica Maria: &#8220;Tenho tr\u00eas ciganos dentro da minha casa. N\u00e3o d\u00e1 vontade de perder a cabe\u00e7a?&#8221;"},"content":{"rendered":"<p><a href=\"https:\/\/selfie.iol.pt\/famosos\/casa-dos-segredos\/desolada-jessica-maria-lamenta-nunca-amou-ninguem-com-a-alma-e-o-coracao\/20250913\/68c548c1d34e58bc6795ae58\" target=\"_blank\" rel=\"nofollow noopener\">J\u00e9ssica Maria<\/a> usou o Instagram para fazer um apelo desesperado acerca de uma situa\u00e7\u00e3o que tem estado a viver.<\/p>\n<p>A ex-concorrente de &#8220;Secret Story &#8211; Casa dos Segredos&#8221; viu a pr\u00f3pria casa ser invadida por ocupas. A situa\u00e7\u00e3o dura h\u00e1 dois anos e, at\u00e9 agora, a empres\u00e1ria n\u00e3o conseguiu expuls\u00e1-los.\u00a0<\/p>\n<p>&#8220;A minha situa\u00e7\u00e3o continua na mesma&#8221;, come\u00e7ou por escrever, depois de recuperar uma story partilhada a 6 de novembro de 2023, na qual relatava o sucedido.<\/p>\n<p>&#8220;Dois anos. Dois anos e tudo na mesma. Como \u00e9 poss\u00edvel? Que pa\u00eds \u00e9 este? Onde praticar crimes \u00e9 que compensa! Onde est\u00e1 a justi\u00e7a? Quando a nossa pol\u00edcia ainda nos aconselha a n\u00e3o fazer nada porque quem pode ter problemas com a lei somos n\u00f3s. Mesmo sendo a nossa casa&#8221;, lamentou <a href=\"https:\/\/selfie.iol.pt\/famosos\/casa-dos-segredos\/secret-story-jessica-maria-radiante-com-gravidez-de-ex-concorrente-estou-deslumbrada\/20250928\/68d912b4d34e58bc67964629\" target=\"_blank\" rel=\"nofollow noopener\">J\u00e9ssica Maria<\/a>, antes de questionar: &#8220;E se eu l\u00e1 for e n\u00e3o correr bem? Ser\u00e1 que estou protegida? A mesmo pol\u00edcia que, da \u00faltima vez, me disse que n\u00e3o podia fazer nada e que eu nunca os devia ter chamado e ter resolvido as coisas de outra maneira. De que maneira?&#8221;<\/p>\n<p>&#8220;Eu tenho tr\u00eas ciganos dentro da minha casa, o que vou eu fazer? Era suposto andar armada ou assim? Gastos em advogados, tribunal, carradas de nervos&#8230; Para qu\u00ea? Quando se vai resolver? N\u00e3o d\u00e1 vontade de perder a cabe\u00e7a? At\u00e9 quando \u00e9 que eles v\u00e3o viver na minha casa?&#8221;, rematou, desesperada, a ex-concorrente do reality show da TVI.<\/p>\n<p style=\"text-align:center\"><img loading=\"lazy\" decoding=\"async\" alt=\"\" height=\"889\" src=\"https:\/\/www.europesays.com\/pt\/wp-content\/uploads\/2025\/11\/691f582bd34e2bd5c6d43952.webp\" width=\"500\"\/><\/p>\n<p style=\"text-align:center\"><img loading=\"lazy\" decoding=\"async\" alt=\"\" height=\"889\" src=\"https:\/\/www.europesays.com\/pt\/wp-content\/uploads\/2025\/11\/691f582ad34e3caad84b815d.webp\" width=\"500\"\/><\/p>\n<p>\u00a0<\/p>\n","protected":false},"excerpt":{"rendered":"J\u00e9ssica Maria usou o Instagram para fazer um apelo desesperado acerca de uma situa\u00e7\u00e3o que tem estado a&hellip;\n","protected":false},"author":2,"featured_media":159346,"comment_status":"","ping_status":"","sticky":false,"template":"","format":"standard","meta":{"footnotes":""},"categories":[142],"tags":[2019,114,115,980,1015,33969,619,33970,32,33,1014,1315,1012,151],"class_list":{"0":"post-159345","1":"post","2":"type-post","3":"status-publish","4":"format-standard","5":"has-post-thumbnail","7":"category-tv","8":"tag-casa","9":"tag-entertainment","10":"tag-entretenimento","11":"tag-famosos","12":"tag-instagram","13":"tag-jessica-maria","14":"tag-nacional","15":"tag-ocupas","16":"tag-portugal","17":"tag-pt","18":"tag-reality-show","19":"tag-secret-story","20":"tag-selfie","21":"tag-tv"},"share_on_mastodon":{"url":"https:\/\/pubeurope.com\/@pt\/115584459815888897","error":""},"_links":{"self":[{"href":"https:\/\/www.europesays.com\/pt\/wp-json\/wp\/v2\/posts\/159345","targetHints":{"allow":["GET"]}}],"collection":[{"href":"https:\/\/www.europesays.com\/pt\/wp-json\/wp\/v2\/posts"}],"about":[{"href":"https:\/\/www.europesays.com\/pt\/wp-json\/wp\/v2\/types\/post"}],"author":[{"embeddable":true,"href":"https:\/\/www.europesays.com\/pt\/wp-json\/wp\/v2\/users\/2"}],"replies":[{"embeddable":true,"href":"https:\/\/www.europesays.com\/pt\/wp-json\/wp\/v2\/comments?post=159345"}],"version-history":[{"count":0,"href":"https:\/\/www.europesays.com\/pt\/wp-json\/wp\/v2\/posts\/159345\/revisions"}],"wp:featuredmedia":[{"embeddable":true,"href":"https:\/\/www.europesays.com\/pt\/wp-json\/wp\/v2\/media\/159346"}],"wp:attachment":[{"href":"https:\/\/www.europesays.com\/pt\/wp-json\/wp\/v2\/media?parent=159345"}],"wp:term":[{"taxonomy":"category","embeddable":true,"href":"https:\/\/www.europesays.com\/pt\/wp-json\/wp\/v2\/categories?post=159345"},{"taxonomy":"post_tag","embeddable":true,"href":"https:\/\/www.europesays.com\/pt\/wp-json\/wp\/v2\/tags?post=159345"}],"curies":[{"name":"wp","href":"https:\/\/api.w.org\/{rel}","templated":true}]}}