{"id":159360,"date":"2025-11-20T23:03:15","date_gmt":"2025-11-20T23:03:15","guid":{"rendered":"https:\/\/www.europesays.com\/pt\/159360\/"},"modified":"2025-11-20T23:03:15","modified_gmt":"2025-11-20T23:03:15","slug":"futsal-chishkala-regressa-a-portugal-e-reforca-sporting","status":"publish","type":"post","link":"https:\/\/www.europesays.com\/pt\/159360\/","title":{"rendered":"Futsal: Chishkala regressa a Portugal e refor\u00e7a Sporting"},"content":{"rendered":"<p style=\"margin-bottom:11px\">Ivan Chishkala vai regressar a Portugal em janeiro e refor\u00e7ar o Sporting. A informa\u00e7\u00e3o avan\u00e7ada na imprensa nacional foi confirmada pelo <strong>Maisfutebol<\/strong>. O ala russo, de 30 anos, regressou ao pa\u00eds natal no fim da \u00faltima \u00e9poca, depois de cinco anos no Benfica, onde conquistou Liga, Ta\u00e7a de Portugal, Ta\u00e7a da Liga e Superta\u00e7a. Para tr\u00e1s ficaram 186 jogos e 122 golos.<\/p>\n<p>O Sporting \u00e9 \u201cvice\u201d na Liga, com 24 pontos, a seis do Benfica, e a chegada de Chishkala vai ajudar a colmatar a aus\u00eancia de Taynan, que recupera de uma grave les\u00e3o no joelho direito.<\/p>\n","protected":false},"excerpt":{"rendered":"Ivan Chishkala vai regressar a Portugal em janeiro e refor\u00e7ar o Sporting. A informa\u00e7\u00e3o avan\u00e7ada na imprensa nacional&hellip;\n","protected":false},"author":2,"featured_media":15909,"comment_status":"","ping_status":"","sticky":false,"template":"","format":"standard","meta":{"footnotes":""},"categories":[87],"tags":[51,33972,135,1831,19040,46,40,42,41,1830,32,33,47,34,134,35],"class_list":{"0":"post-159360","1":"post","2":"type-post","3":"status-publish","4":"format-standard","5":"has-post-thumbnail","7":"category-desporto","8":"tag-benfica","9":"tag-chishkala","10":"tag-desporto","11":"tag-futsal","12":"tag-futsal-sporting","13":"tag-maisfutebol","14":"tag-maistransferencias","15":"tag-mercado","16":"tag-mercado-de-transferencias","17":"tag-modalidades","18":"tag-portugal","19":"tag-pt","20":"tag-pura-paixao","21":"tag-sporting","22":"tag-sports","23":"tag-transferencias"},"share_on_mastodon":{"url":"https:\/\/pubeurope.com\/@pt\/115584526043766634","error":""},"_links":{"self":[{"href":"https:\/\/www.europesays.com\/pt\/wp-json\/wp\/v2\/posts\/159360","targetHints":{"allow":["GET"]}}],"collection":[{"href":"https:\/\/www.europesays.com\/pt\/wp-json\/wp\/v2\/posts"}],"about":[{"href":"https:\/\/www.europesays.com\/pt\/wp-json\/wp\/v2\/types\/post"}],"author":[{"embeddable":true,"href":"https:\/\/www.europesays.com\/pt\/wp-json\/wp\/v2\/users\/2"}],"replies":[{"embeddable":true,"href":"https:\/\/www.europesays.com\/pt\/wp-json\/wp\/v2\/comments?post=159360"}],"version-history":[{"count":0,"href":"https:\/\/www.europesays.com\/pt\/wp-json\/wp\/v2\/posts\/159360\/revisions"}],"wp:featuredmedia":[{"embeddable":true,"href":"https:\/\/www.europesays.com\/pt\/wp-json\/wp\/v2\/media\/15909"}],"wp:attachment":[{"href":"https:\/\/www.europesays.com\/pt\/wp-json\/wp\/v2\/media?parent=159360"}],"wp:term":[{"taxonomy":"category","embeddable":true,"href":"https:\/\/www.europesays.com\/pt\/wp-json\/wp\/v2\/categories?post=159360"},{"taxonomy":"post_tag","embeddable":true,"href":"https:\/\/www.europesays.com\/pt\/wp-json\/wp\/v2\/tags?post=159360"}],"curies":[{"name":"wp","href":"https:\/\/api.w.org\/{rel}","templated":true}]}}