{"id":159363,"date":"2025-11-20T23:11:09","date_gmt":"2025-11-20T23:11:09","guid":{"rendered":"https:\/\/www.europesays.com\/pt\/159363\/"},"modified":"2025-11-20T23:11:09","modified_gmt":"2025-11-20T23:11:09","slug":"nuno-markl-internado-apos-sofrer-um-avc-observador","status":"publish","type":"post","link":"https:\/\/www.europesays.com\/pt\/159363\/","title":{"rendered":"Nuno Markl internado ap\u00f3s sofrer um AVC \u2013 Observador"},"content":{"rendered":"<p>Nuno Markl foi internado ap\u00f3s ter sofrido um acidente vascular cerebral (AVC) esta quinta-feira. A not\u00edcia foi adiantada pelo <a href=\"https:\/\/www.cmjornal.pt\/vidas\/ultimas\/detalhe\/nuno-markl-da-entrada-no-hospital-de-sao-francisco-xavier-com-avc\" rel=\"nofollow noopener\" target=\"_blank\">Correio da Manh\u00e3<\/a> e confirmada pelo Observador, sem que tenha sido adiantado o atual estado de sa\u00fade.<\/p>\n<p>Segundo o mesmo jornal, o humorista de 54 anos deu inicialmente entrada no Hospital de Cascais, tendo posteriormente sido transferido para o Hospital de S\u00e3o Francisco Xavier, em Lisboa.<\/p>\n<p>Al\u00e9m de locutor nas manh\u00e3s da R\u00e1dio Comercial, Nuno Markl \u00e9 um dos participantes do programa Taskmaster da RTP 1, cujas grava\u00e7\u00f5es da s\u00e9tima temporada terminaram esta semana. O humorista, ali\u00e1s, deu conta do ritmo intenso de trabalho a que foi submetido nas \u00faltimas semanas numa publica\u00e7\u00e3o nas suas redes sociais.<\/p>\n","protected":false},"excerpt":{"rendered":"Nuno Markl foi internado ap\u00f3s ter sofrido um acidente vascular cerebral (AVC) esta quinta-feira. A not\u00edcia foi adiantada&hellip;\n","protected":false},"author":2,"featured_media":159364,"comment_status":"","ping_status":"","sticky":false,"template":"","format":"standard","meta":{"footnotes":""},"categories":[8],"tags":[27,28,211,15,16,14,25,26,186,21,22,715,12,13,19,20,32,23,24,33,58,2671,17,18,29,30,31],"class_list":{"0":"post-159363","1":"post","2":"type-post","3":"status-publish","4":"format-standard","5":"has-post-thumbnail","7":"category-principais-noticias","8":"tag-breaking-news","9":"tag-breakingnews","10":"tag-celebridades","11":"tag-featured-news","12":"tag-featurednews","13":"tag-headlines","14":"tag-latest-news","15":"tag-latestnews","16":"tag-lifestyle","17":"tag-main-news","18":"tag-mainnews","19":"tag-media","20":"tag-news","21":"tag-noticias","22":"tag-noticias-principais","23":"tag-noticiasprincipais","24":"tag-portugal","25":"tag-principais-noticias","26":"tag-principaisnoticias","27":"tag-pt","28":"tag-sociedade","29":"tag-televisu00e3o","30":"tag-top-stories","31":"tag-topstories","32":"tag-ultimas","33":"tag-ultimas-noticias","34":"tag-ultimasnoticias"},"share_on_mastodon":{"url":"https:\/\/pubeurope.com\/@pt\/115584557688239062","error":""},"_links":{"self":[{"href":"https:\/\/www.europesays.com\/pt\/wp-json\/wp\/v2\/posts\/159363","targetHints":{"allow":["GET"]}}],"collection":[{"href":"https:\/\/www.europesays.com\/pt\/wp-json\/wp\/v2\/posts"}],"about":[{"href":"https:\/\/www.europesays.com\/pt\/wp-json\/wp\/v2\/types\/post"}],"author":[{"embeddable":true,"href":"https:\/\/www.europesays.com\/pt\/wp-json\/wp\/v2\/users\/2"}],"replies":[{"embeddable":true,"href":"https:\/\/www.europesays.com\/pt\/wp-json\/wp\/v2\/comments?post=159363"}],"version-history":[{"count":0,"href":"https:\/\/www.europesays.com\/pt\/wp-json\/wp\/v2\/posts\/159363\/revisions"}],"wp:featuredmedia":[{"embeddable":true,"href":"https:\/\/www.europesays.com\/pt\/wp-json\/wp\/v2\/media\/159364"}],"wp:attachment":[{"href":"https:\/\/www.europesays.com\/pt\/wp-json\/wp\/v2\/media?parent=159363"}],"wp:term":[{"taxonomy":"category","embeddable":true,"href":"https:\/\/www.europesays.com\/pt\/wp-json\/wp\/v2\/categories?post=159363"},{"taxonomy":"post_tag","embeddable":true,"href":"https:\/\/www.europesays.com\/pt\/wp-json\/wp\/v2\/tags?post=159363"}],"curies":[{"name":"wp","href":"https:\/\/api.w.org\/{rel}","templated":true}]}}