{"id":159375,"date":"2025-11-20T23:26:13","date_gmt":"2025-11-20T23:26:13","guid":{"rendered":"https:\/\/www.europesays.com\/pt\/159375\/"},"modified":"2025-11-20T23:26:13","modified_gmt":"2025-11-20T23:26:13","slug":"e-esta-bruno-de-carvalho-e-sobrinho-neto-de-antigo-primeiro-ministro-era-o-maior","status":"publish","type":"post","link":"https:\/\/www.europesays.com\/pt\/159375\/","title":{"rendered":"E esta? Bruno de Carvalho \u00e9 sobrinho-neto de antigo primeiro-ministro: &#8220;Era o maior&#8221;"},"content":{"rendered":"<p><a href=\"https:\/\/selfie.iol.pt\/famosos\/bruno-de-carvalho\/bruno-de-carvalho-faz-sincera-declaracao-cada-vez-amo-mais\/20251027\/68ff86f7d34e58bc67975b5c\" target=\"_blank\" rel=\"nofollow noopener\">Bruno de Carvalho<\/a> \u00e9 sobrinho-neto de Jos\u00e9 Baptista Pinheiro de Azevedo, que foi o primeiro-ministro do VI Governo Provis\u00f3rio ap\u00f3s o 25 de abril de 1974.<\/p>\n<p>&#8220;O meu tio-av\u00f4 era o maior&#8221;, come\u00e7ou por escrever o antigo presidente do Sporting, na publica\u00e7\u00e3o que fez, nas redes sociais, esta quinta-feira, dia 20, na qual exibe uma entrevista do familiar.<\/p>\n<p>&#8220;Um primeiro-ministro a s\u00e9rio&#8221;, rematou Bruno de Carvalho.<\/p>\n<p>Recorde-se que o Almirante Pinheiro de Azevedo morreu em 1983.<\/p>\n<p>Veja, agora, a publica\u00e7\u00e3o do DJ.<\/p>\n<p style=\"text-align:center\"><img loading=\"lazy\" decoding=\"async\" alt=\"\" height=\"600\" src=\"https:\/\/www.europesays.com\/pt\/wp-content\/uploads\/2025\/11\/691f366ad34e3caad84b7fee.webp\" width=\"335\"\/><\/p>\n<p>\u00a0<\/p>\n","protected":false},"excerpt":{"rendered":"Bruno de Carvalho \u00e9 sobrinho-neto de Jos\u00e9 Baptista Pinheiro de Azevedo, que foi o primeiro-ministro do VI Governo&hellip;\n","protected":false},"author":2,"featured_media":159376,"comment_status":"","ping_status":"","sticky":false,"template":"","format":"standard","meta":{"footnotes":""},"categories":[145],"tags":[2534,341,211,210,114,115,980,301,33974,619,52,32,3610,33,1014,1012,162],"class_list":{"0":"post-159375","1":"post","2":"type-post","3":"status-publish","4":"format-standard","5":"has-post-thumbnail","7":"category-celebridades","8":"tag-25-de-abril","9":"tag-bruno-de-carvalho","10":"tag-celebridades","11":"tag-celebrities","12":"tag-entertainment","13":"tag-entretenimento","14":"tag-famosos","15":"tag-governo","16":"tag-jose-baptista-pinheiro-de-azevedo","17":"tag-nacional","18":"tag-politica","19":"tag-portugal","20":"tag-primeiro-ministro","21":"tag-pt","22":"tag-reality-show","23":"tag-selfie","24":"tag-tvi"},"share_on_mastodon":{"url":"https:\/\/pubeurope.com\/@pt\/115584616846734591","error":""},"_links":{"self":[{"href":"https:\/\/www.europesays.com\/pt\/wp-json\/wp\/v2\/posts\/159375","targetHints":{"allow":["GET"]}}],"collection":[{"href":"https:\/\/www.europesays.com\/pt\/wp-json\/wp\/v2\/posts"}],"about":[{"href":"https:\/\/www.europesays.com\/pt\/wp-json\/wp\/v2\/types\/post"}],"author":[{"embeddable":true,"href":"https:\/\/www.europesays.com\/pt\/wp-json\/wp\/v2\/users\/2"}],"replies":[{"embeddable":true,"href":"https:\/\/www.europesays.com\/pt\/wp-json\/wp\/v2\/comments?post=159375"}],"version-history":[{"count":0,"href":"https:\/\/www.europesays.com\/pt\/wp-json\/wp\/v2\/posts\/159375\/revisions"}],"wp:featuredmedia":[{"embeddable":true,"href":"https:\/\/www.europesays.com\/pt\/wp-json\/wp\/v2\/media\/159376"}],"wp:attachment":[{"href":"https:\/\/www.europesays.com\/pt\/wp-json\/wp\/v2\/media?parent=159375"}],"wp:term":[{"taxonomy":"category","embeddable":true,"href":"https:\/\/www.europesays.com\/pt\/wp-json\/wp\/v2\/categories?post=159375"},{"taxonomy":"post_tag","embeddable":true,"href":"https:\/\/www.europesays.com\/pt\/wp-json\/wp\/v2\/tags?post=159375"}],"curies":[{"name":"wp","href":"https:\/\/api.w.org\/{rel}","templated":true}]}}