{"id":159380,"date":"2025-11-20T23:31:25","date_gmt":"2025-11-20T23:31:25","guid":{"rendered":"https:\/\/www.europesays.com\/pt\/159380\/"},"modified":"2025-11-20T23:31:25","modified_gmt":"2025-11-20T23:31:25","slug":"daniel-radcliffe-revela-que-escreveu-carta-ao-jovem-que-ira-interpretar-harry-potter-na-nova-serie","status":"publish","type":"post","link":"https:\/\/www.europesays.com\/pt\/159380\/","title":{"rendered":"Daniel Radcliffe revela que escreveu carta ao jovem que ir\u00e1 interpretar Harry Potter na nova s\u00e9rie"},"content":{"rendered":"<p><strong>Foi durante uma participa\u00e7\u00e3o no programa <\/strong><a href=\"https:\/\/www.youtube.com\/watch?v=8y2LwIqo03s\" rel=\"nofollow noopener\" target=\"_blank\"><strong>\u201cGood Morning America\u201d<\/strong><\/a><strong> que o ator Daniel Radcliffe revelou ter enviado uma carta para <\/strong><strong>Dominic McLaughlin, o jovem ator que ir\u00e1 interpretar o papel de Harry Potter na nova s\u00e9rie da HBO, e a resposta que recebeu foi muito &#8220;carinhosa&#8221;. <\/strong><\/p>\n<blockquote><p> &#8220;Eu n\u00e3o diria que qualquer pessoa que v\u00e1 interpretar o Harry tem [de me ligar] (&#8230;) Eu enviei-lhe uma carta, e ele enviou-me uma resposta muito carinhosa&#8221;, explica o ator que se estreou aos 11 anos nesta saga,  <\/p><\/blockquote>\n<p>Daniel Radcliffe disse, ainda, que <strong>&#8220;n\u00e3o quer ser um fantasma na vida desta crian\u00e7as&#8221;<\/strong> e que escreveu a McLaughlin para lhe dizer: <strong>&#8220;Espero que te divirtas muito, ainda mais do que eu me diverti&#8221;. <\/strong><\/p>\n<blockquote><p> &#8220;S\u00f3 de ver as fotografias dele e das outras crian\u00e7as, d\u00e1-me vontade de abra\u00e7\u00e1-los. Eles parecem t\u00e3o jovens. Eu olho para eles e penso: \u00e9 uma loucura eu ter feito aquilo&#8221;.  <\/p><\/blockquote>\n<p>\t\t<img decoding=\"async\" src=\"https:\/\/www.europesays.com\/pt\/wp-content\/uploads\/2025\/11\/1763681484_497_thumbs.web.sapo.io\"  loading=\"true\"\/><\/p>\n<p>                        Getty Images<\/p>\n<p>Aos 11 anos <a href=\"https:\/\/sicnoticias.pt\/cultura\/2025-07-14-quem-e-dominic-mclaughlin--hbo-max-divulga-a-primeira-imagem-oficial-do-novo-harry-potter-f7ee7eea\" rel=\"nofollow noopener\" target=\"_blank\">Dominic McLaughlin foi escolhido para interpretar Harry Potter.<\/a> O jovem ator escoc\u00eas foi selecionado entre mais de <a href=\"https:\/\/sicnoticias.pt\/cultura\/2024-09-10-harry-potter-na-hbo-procura-pelos-proximos-harry-ron-e-hermione-ja-comecou-saiba-quais-os-requisitos-c1e6c950\" rel=\"nofollow noopener\" target=\"_blank\">30.000 candidatos<\/a>. Ao seu lado estar\u00e3o <a href=\"https:\/\/sicnoticias.pt\/cultura\/2025-05-27-estao-escolhidos-os-atores-que-vao-fazer-de-harry-ron-e-hermione-na-serie-de-harry-potter-7ea596ea\" target=\"_blank\" rel=\"noreferrer noopener nofollow\">Arabella Stanton, que dar\u00e1 vida a Hermione Granger, e Alastair Stout, que interpretar\u00e1 Ron Weasley.<\/a><\/p>\n<p>\t\t<img decoding=\"async\" src=\"https:\/\/www.europesays.com\/pt\/wp-content\/uploads\/2025\/11\/1763681485_207_thumbs.web.sapo.io\"  loading=\"true\"\/><\/p>\n<p>                        DR<\/p>\n<p>A s\u00e9rie tem estreia prevista para 2027 e ser\u00e1 composta por sete temporadas e filmada entre 2025 e 2026. Cada temporada vai acompanhar fielmente um dos livros da saga. <\/p>\n","protected":false},"excerpt":{"rendered":"Foi durante uma participa\u00e7\u00e3o no programa \u201cGood Morning America\u201d que o ator Daniel Radcliffe revelou ter enviado uma&hellip;\n","protected":false},"author":2,"featured_media":159381,"comment_status":"","ping_status":"","sticky":false,"template":"","format":"standard","meta":{"footnotes":""},"categories":[140],"tags":[114,115,147,148,146,32,33],"class_list":{"0":"post-159380","1":"post","2":"type-post","3":"status-publish","4":"format-standard","5":"has-post-thumbnail","7":"category-filmes","8":"tag-entertainment","9":"tag-entretenimento","10":"tag-film","11":"tag-filmes","12":"tag-movies","13":"tag-portugal","14":"tag-pt"},"share_on_mastodon":{"url":"https:\/\/pubeurope.com\/@pt\/115584636488010547","error":""},"_links":{"self":[{"href":"https:\/\/www.europesays.com\/pt\/wp-json\/wp\/v2\/posts\/159380","targetHints":{"allow":["GET"]}}],"collection":[{"href":"https:\/\/www.europesays.com\/pt\/wp-json\/wp\/v2\/posts"}],"about":[{"href":"https:\/\/www.europesays.com\/pt\/wp-json\/wp\/v2\/types\/post"}],"author":[{"embeddable":true,"href":"https:\/\/www.europesays.com\/pt\/wp-json\/wp\/v2\/users\/2"}],"replies":[{"embeddable":true,"href":"https:\/\/www.europesays.com\/pt\/wp-json\/wp\/v2\/comments?post=159380"}],"version-history":[{"count":0,"href":"https:\/\/www.europesays.com\/pt\/wp-json\/wp\/v2\/posts\/159380\/revisions"}],"wp:featuredmedia":[{"embeddable":true,"href":"https:\/\/www.europesays.com\/pt\/wp-json\/wp\/v2\/media\/159381"}],"wp:attachment":[{"href":"https:\/\/www.europesays.com\/pt\/wp-json\/wp\/v2\/media?parent=159380"}],"wp:term":[{"taxonomy":"category","embeddable":true,"href":"https:\/\/www.europesays.com\/pt\/wp-json\/wp\/v2\/categories?post=159380"},{"taxonomy":"post_tag","embeddable":true,"href":"https:\/\/www.europesays.com\/pt\/wp-json\/wp\/v2\/tags?post=159380"}],"curies":[{"name":"wp","href":"https:\/\/api.w.org\/{rel}","templated":true}]}}