{"id":159392,"date":"2025-11-20T23:42:13","date_gmt":"2025-11-20T23:42:13","guid":{"rendered":"https:\/\/www.europesays.com\/pt\/159392\/"},"modified":"2025-11-20T23:42:13","modified_gmt":"2025-11-20T23:42:13","slug":"ike-arquitetura-engenharia-e-construcao-gaz","status":"publish","type":"post","link":"https:\/\/www.europesays.com\/pt\/159392\/","title":{"rendered":"Ike+: &#8220;Arquitetura, engenharia e constru\u00e7\u00e3o&#8221; &#8211; GAZ"},"content":{"rendered":"<p>A Sociedade dos Engenheiros e Arquitetos de Santa Cruz do Sul, a Seasc, com a lideran\u00e7a da presidente Juliana Dur\u00e9 e do vice-presidente Lu\u00eds Leit\u00e3o, encerrou em grande estilo a 6\u00aa Semana da Arquitetura, Engenharia e Constru\u00e7\u00e3o com a palestra da arquiteta e propriet\u00e1ria do StudioM4, Imira de Holanda, e jantar na Casa Gaspar. <\/p>\n<p><img loading=\"lazy\" decoding=\"async\" width=\"790\" height=\"526\" data-id=\"981498\" src=\"https:\/\/www.europesays.com\/pt\/wp-content\/uploads\/2025\/11\/D4S_6018.jpg\" alt=\"\" class=\"wp-image-981498\"\/>Laiz Gelsdorf e Ysa Steffens<\/p>\n<p><img loading=\"lazy\" decoding=\"async\" width=\"790\" height=\"526\" data-id=\"981499\" src=\"https:\/\/www.europesays.com\/pt\/wp-content\/uploads\/2025\/11\/D4S_6026.jpg\" alt=\"\" class=\"wp-image-981499\"\/>Gabriel Flach, Laura Panta e Thom\u00e1s Lorber<\/p>\n<p><img loading=\"lazy\" decoding=\"async\" width=\"790\" height=\"526\" data-id=\"981500\" src=\"https:\/\/www.europesays.com\/pt\/wp-content\/uploads\/2025\/11\/D4S_6030.jpg\" alt=\"\" class=\"wp-image-981500\"\/>Suen Trevisan Kothe, Patricia Lopes e Bruna Spenner<\/p>\n<p><img loading=\"lazy\" decoding=\"async\" width=\"790\" height=\"526\" data-id=\"981501\" src=\"https:\/\/www.europesays.com\/pt\/wp-content\/uploads\/2025\/11\/D4S_6034.jpg\" alt=\"\" class=\"wp-image-981501\"\/>Patricia Mueller, Daiana Lanza, Nathan Reichel e Amanda Capit\u00e2nio<\/p>\n<p><img loading=\"lazy\" decoding=\"async\" width=\"790\" height=\"526\" data-id=\"981502\" src=\"https:\/\/www.europesays.com\/pt\/wp-content\/uploads\/2025\/11\/D4S_6039.jpg\" alt=\"\" class=\"wp-image-981502\"\/>Alex Brino e Carol Knies<\/p>\n<p><img loading=\"lazy\" decoding=\"async\" width=\"790\" height=\"526\" data-id=\"981503\" src=\"https:\/\/www.europesays.com\/pt\/wp-content\/uploads\/2025\/11\/D4S_6044.jpg\" alt=\"\" class=\"wp-image-981503\"\/>Ana Paula da Silva e Carlos Pitzer<\/p>\n<p><img loading=\"lazy\" decoding=\"async\" width=\"790\" height=\"526\" data-id=\"981504\" src=\"https:\/\/www.europesays.com\/pt\/wp-content\/uploads\/2025\/11\/D4S_6049.jpg\" alt=\"\" class=\"wp-image-981504\"\/>Flavio Azevedo e Carla Azevedo<\/p>\n<p><img loading=\"lazy\" decoding=\"async\" width=\"790\" height=\"526\" data-id=\"981505\" src=\"https:\/\/www.europesays.com\/pt\/wp-content\/uploads\/2025\/11\/D4S_6054.jpg\" alt=\"\" class=\"wp-image-981505\"\/>Giovana Teichmann, Joceline Kroth e \u00a0Ana Irene Baumhardt<\/p>\n<p class=\"has-text-align-center\">Fotos: Francisco Frantz<\/p>\n<p>ZONA FRANCA<\/p>\n<ul>\n<li>A banda Voga estar\u00e1 no pr\u00f3ximo s\u00e1bado, 22, em Farroupilha, animando o jantar-baile de entrega do Trof\u00e9u Lojista 2025.<\/li>\n<li>A chef Sandra Tolotti abre sua morada no come\u00e7o da noite desta quinta-feira, 20, para o Karaok\u00ea das Amigas.<\/li>\n<li>Lusane Machado, chegando dos Estados Unidos, tamb\u00e9m movimentar\u00e1 suas amigas no pr\u00f3ximo dia 25 com a Christmas Party, em sua resid\u00eancia.<\/li>\n<li>Solismar Ribeiro informa que nos dias 9, 11 e 16 de dezembro ocorrer\u00e3o os jogos do 6\u00ba Torneio de Integra\u00e7\u00e3o da Turma de Basquete das ter\u00e7as.<\/li>\n<li>Um grupo de residentes da Asan teve a oportunidade de visitar o Zool\u00f3gico de Sapucaia do Sul, acompanhados de funcion\u00e1rios e volunt\u00e1rios.<\/li>\n<\/ul>\n<p>Em dezembro<\/p>\n<p>O Dia Beatle deste ano est\u00e1 confirmado para 14 de dezembro, na Pra\u00e7a da Bandeira, na programa\u00e7\u00e3o da Christkindfest.<\/p>\n<p>Pizza solid\u00e1ria<\/p>\n<p>O Lions Clube Santa Cruz do Sul-Raio de Sol realiza no s\u00e1bado a Pizza Solid\u00e1ria, no sistema drive-thru, em benef\u00edcio das crian\u00e7as carentes para consultas de vis\u00e3o e doa\u00e7\u00f5es de \u00f3culos. A retirada das pizzas ser\u00e1 entre 9h30 e 12h30, no lado esquerdo da Rua Tenente Coronel Brito, onde estacionam os \u00f4nibus.<\/p>\n<p>A conferir\u00a0<\/p>\n<p>Os sinimbuenses e amigos da regi\u00e3o ter\u00e3o a oportunidade de assistir na noite desta quinta-feira, 20, ao show da famosa dupla ga\u00facha de proje\u00e7\u00e3o nacional Claus e Vanessa, no Pavilh\u00e3o Luterano. Person Iser conta que esse show, que faz parte da turn\u00ea de 25 anos da dupla, \u00e9 um presente \u00e0 comunidade, que foi muito afetada pelas enchentes de 2024. E tamb\u00e9m ajudar\u00e1 o Hospital de Sinimbu, por meio de doa\u00e7\u00f5es de alimentos como ingresso.<\/p>\n<p>Retendo talentos<\/p>\n<p>A CDL Mulher Santa Cruz do Sul est\u00e1 convidando para a palestra, no pr\u00f3ximo dia 26, Retendo talentos na era da mudan\u00e7a, com Carolina da Rosa, Lisandra Schroeder e Renata Costa. Exclusiva para as mulheres, a palestra come\u00e7a \u00e0s 8 horas, na sede da CDL.<\/p>\n<p>DOIS TOQUES<\/p>\n<ol>\n<li>O presidente do Rotary Clube Santa Cruz do Sul Cidade Alta, Claudiomiro de Oliveira Flores, de Rio Pardo, Michele Henn Waechter,\u00a0Carine Fraga, Schirley Silva, Ant\u00f4nio Herzog Oliveira, Selmo Vogt, de Ven\u00e2ncio Aires, Paula Juliana Oliveira, de Cachoeira do Sul, e Heitor Faust aniversariam nesta quinta-feira, 20.<\/li>\n<li>Loni e Norberto Hentschke comemoram os 60 anos de casamento, as bodas de diamante, na noite desta quinta-feira, 20, na Casa Gaspar.<\/li>\n<\/ol>\n<p>ALGU\u00c9M DISSE<\/p>\n<p class=\"has-text-align-center\">\u201cNem teus piores inimigos podem te causar tanto dano quanto teus pr\u00f3prios pensamentos.\u201d<\/p>\n<p><strong><a href=\"https:\/\/www.gaz.com.br\/editoria\/colunistas\/ike\/\" target=\"_blank\" rel=\"noreferrer noopener nofollow\">LEIA MAIS COLUNAS DE IKE <\/a><\/strong><\/p>\n<p class=\"has-pale-cyan-blue-background-color has-background\"><strong>QUER RECEBER NOT\u00cdCIAS DE SANTA CRUZ DO SUL E REGI\u00c3O NO SEU CELULAR?<\/strong>\u00a0ENTRE NO NOSSO NOVO CANAL DO<strong>\u00a0WHATSAPP<\/strong>\u00a0<a href=\"https:\/\/whatsapp.com\/channel\/0029Va96d75JP210Rzmkf00B\" target=\"_blank\" rel=\"noreferrer noopener nofollow\"><strong>CLICANDO AQUI<\/strong><\/a>\u00a0\ud83d\udcf2. AINDA N\u00c3O \u00c9\u00a0<strong>ASSINANTE GAZETA?<\/strong>\u00a0<strong><a href=\"https:\/\/assinaturas.gaz.com.br\/assine\/\" target=\"_blank\" rel=\"noreferrer noopener nofollow\">CLIQUE AQUI<\/a>\u00a0<\/strong>E FA\u00c7A AGORA!<\/p>\n","protected":false},"excerpt":{"rendered":"A Sociedade dos Engenheiros e Arquitetos de Santa Cruz do Sul, a Seasc, com a lideran\u00e7a da presidente&hellip;\n","protected":false},"author":2,"featured_media":159393,"comment_status":"","ping_status":"","sticky":false,"template":"","format":"standard","meta":{"footnotes":""},"categories":[144],"tags":[207,205,206,203,201,202,204,114,115,32,33],"class_list":{"0":"post-159392","1":"post","2":"type-post","3":"status-publish","4":"format-standard","5":"has-post-thumbnail","7":"category-arte-e-design","8":"tag-arte","9":"tag-arte-e-design","10":"tag-artedesign","11":"tag-arts","12":"tag-arts-and-design","13":"tag-artsanddesign","14":"tag-design","15":"tag-entertainment","16":"tag-entretenimento","17":"tag-portugal","18":"tag-pt"},"share_on_mastodon":{"url":"https:\/\/pubeurope.com\/@pt\/115584679671370907","error":""},"_links":{"self":[{"href":"https:\/\/www.europesays.com\/pt\/wp-json\/wp\/v2\/posts\/159392","targetHints":{"allow":["GET"]}}],"collection":[{"href":"https:\/\/www.europesays.com\/pt\/wp-json\/wp\/v2\/posts"}],"about":[{"href":"https:\/\/www.europesays.com\/pt\/wp-json\/wp\/v2\/types\/post"}],"author":[{"embeddable":true,"href":"https:\/\/www.europesays.com\/pt\/wp-json\/wp\/v2\/users\/2"}],"replies":[{"embeddable":true,"href":"https:\/\/www.europesays.com\/pt\/wp-json\/wp\/v2\/comments?post=159392"}],"version-history":[{"count":0,"href":"https:\/\/www.europesays.com\/pt\/wp-json\/wp\/v2\/posts\/159392\/revisions"}],"wp:featuredmedia":[{"embeddable":true,"href":"https:\/\/www.europesays.com\/pt\/wp-json\/wp\/v2\/media\/159393"}],"wp:attachment":[{"href":"https:\/\/www.europesays.com\/pt\/wp-json\/wp\/v2\/media?parent=159392"}],"wp:term":[{"taxonomy":"category","embeddable":true,"href":"https:\/\/www.europesays.com\/pt\/wp-json\/wp\/v2\/categories?post=159392"},{"taxonomy":"post_tag","embeddable":true,"href":"https:\/\/www.europesays.com\/pt\/wp-json\/wp\/v2\/tags?post=159392"}],"curies":[{"name":"wp","href":"https:\/\/api.w.org\/{rel}","templated":true}]}}