{"id":159400,"date":"2025-11-20T23:56:00","date_gmt":"2025-11-20T23:56:00","guid":{"rendered":"https:\/\/www.europesays.com\/pt\/159400\/"},"modified":"2025-11-20T23:56:00","modified_gmt":"2025-11-20T23:56:00","slug":"o-plano-inaceitavel-para-a-paz-na-ucrania-chegou-trump-baseia-se-em-avaliacoes-volateis-de-quem-acha-que-esta-a-ganhar-expresso","status":"publish","type":"post","link":"https:\/\/www.europesays.com\/pt\/159400\/","title":{"rendered":"O plano \u201cinaceit\u00e1vel\u201d para a paz na Ucr\u00e2nia chegou: \u201cTrump baseia-se em avalia\u00e7\u00f5es vol\u00e1teis de quem acha que est\u00e1 a ganhar\u201d &#8211; Expresso"},"content":{"rendered":"<ol>\n<li><a href=\"https:\/\/news.google.com\/rss\/articles\/CBMimgJBVV95cUxQR3JraEVRMmpEMG9rSGpRQS1nOFZqQ3A0X2tJNVFMTzEyTGFmdUZENDIyYm5OUjVhS2VPUDJtd003dUhPdW16QWFpOVVaMDA4V1podUNmU0NLN24wX3dBVFgzZ0NhTV9RT01KbC1MaHJlejRKSUZqLW9zejgtV2c0TUplcmdYX0dDQU04Z2FNdVQ0YmRCaDdtUU1oVlFMWFRGSkxPM2I3ZUtZS2pxVWdkalg0TVBDNTZfRnBrNi03bXYzR0xlSGFING1rQmJRRE5ZYmU5bXkxbm5IMEg5YnpTZWpBbG9YM2p1b0Rtb2lIbE5mN2pWZkstd2tmME1mYllja01VODdOaFR5ZlNJNnpnTlFDSzdIb3ZFZUHSAZ8CQVVfeXFMTmZKdkRCNE1XcGZUcy00X0Jpa2U4NXdyRWszQ1VJSERqS2ZuR0p0LWNMV1RMYXI2X3M2V0NkSkFlX2swX1NzOUhxVkVhcTNZVGR1RFVLWkVGTGltcGp0dlFodXZ4aVRhSVVRUUYyTURQTGtPSWVKNGRueFd6dTN5T2lXUzJvWld1QkI2NHpoZWlGdFp2VnRqVEViX1JwZmxVVEtzakF6YXlqdEVYeEw5WjZ5dzFQMkdnRmpxWnVtVXFGbTItM25IUVRzekVfMFJ4TXlDMG1NMW9NSXBUWkN0RV9DYjc3VXdjRTY0SDcyVjBJSUx5V3ItSmpRWlNyUDUyRnhYY05nVXpINXEwdDRxSy1fdHlEZUFzMWZCY0ZSV1U?oc=5\" target=\"_blank\" rel=\"nofollow noopener\">O plano \u201cinaceit\u00e1vel\u201d para a paz na Ucr\u00e2nia chegou: \u201cTrump baseia-se em avalia\u00e7\u00f5es vol\u00e1teis de quem acha que est\u00e1 a ganhar\u201d<\/a>&nbsp;&nbsp;Expresso<\/li>\n<li><a href=\"https:\/\/news.google.com\/rss\/articles\/CBMiggJBVV95cUxPdEY2VGR3OEdpWHJSaFM5aXFvcXY4S3VjMmxoLU81QTJjbDBfRjFYMEN4eGN1STlRRWlLZk0td29YYm1pYllBWXpnMlVBaXRoNzM1R0Z0eGRJQWpGUXhjUnlFb1NPMlUwOHlBdGQyQndYQWJKWTdpZUxSakZFLUZ6RFRrZ0FjM0VJZXQzYWpUQTR3eXQzN19LUjI0WDdFQjNXUnRsUm1GeXgyd0Rpb2RpVDRPZXZNeGxmdkMxTkRfOEtveFh4cE8wSFhURE1OMmJsYk1neXhzcmxEQm81TWJOTDNRSjkwUWZKY05qYnJpS05KVzdwWnRKeV9CWW81WkJXRmfSAZACQVVfeXFMTWtTdWhnMFpSS1l2R0VFejJKSlppRzZpakxmdE5ab25yamxXRTFyV2h0ZF91cEFtTGViYzE4akhoSVZIWGhrdFduZkJPaDU1Z0QxT0ZxN0dVUE1VbE1MMG9NYllWYThRVGZtM1FGZDVfZ004c3hDejdhNGdZNlh6MFh0VjQzZ0d4TC1na2RvRFdLdnBLZ2FPRUZ5UkF0ZGlNUFBZTTNXSkllekFsOWlhWlJmNlRlT2R2ZjFDN0NlV2IwQm1Vb1ZVU3F4ZjdsNlZiTGZNdlVqZFYyUHB1YkEzZHM1Um9LSlYxRm9GY1J4VFJOOFZzX3RNRmx3U0NGWkMxX3hHQlhTMHhDMzZlQWZPeTk?oc=5\" target=\"_blank\" rel=\"nofollow noopener\">Zelensky diz que concorda em trabalhar &#8216;junto com os EUA&#8217; em plano de Trump para encerrar guerra entre Ucr\u00e2nia e R\u00fassia<\/a>&nbsp;&nbsp;G1<\/li>\n<li><a href=\"https:\/\/news.google.com\/rss\/articles\/CBMirgFBVV95cUxOeDZTVEhqSzFfeEpVMmVkY0pRTk9wUkdaLXgtaVozY18wUjRuODRCWk5WRmNzUnVRRUVBSjlUMFZVODYtMGFXcDBhQmFza1B4d2tvQ3BYeS1qMUZYYmsxa1JkblRCbVoyaEVicTkzZDF5RmZ2M0ZQUktJNjg0RzE4aHotVXVEU2VFMWdMMmZUcVZpbEZ3TjlPdllOdjNpLWVjWFM0YU5mRGhsTFFSTEE?oc=5\" target=\"_blank\" rel=\"nofollow noopener\">R\u00fassia nega participa\u00e7\u00e3o em negocia\u00e7\u00f5es de paz mediadas pelos EUA<\/a>&nbsp;&nbsp;CNN Brasil<\/li>\n<li><a href=\"https:\/\/news.google.com\/rss\/articles\/CBMirwFBVV95cUxOUnRfQ1F5NzluV2ViRTRvSGNZeWJFQ25XYTR5VHFiMVY3U3ZPMmx6RERUdDVDMjhMSERnUFZlYmVhdEdtMFgwOEp1c01HWE04LWRMdTNFNG1CWC1fcDFhVFFzQXZTaDN0TlpDR3htUVp4YmNlYWluMzFJbzUtMENnOGZhenN4WnhUWGlXZHV2TUJ3MlplNVJ6UHJXbWpJSjJ2RTBIVno5enA1RkZOUEUw0gG0AUFVX3lxTFBFN1lWRUtZVkYxdk4zRmxFTDg0RElISlp6Y05iSmhnSG1LRlZQMG5QQU1VYjdjaW5tcDE0ZHM3RjRIRHdwMWlWdWRjY2tESDItbE43YVc2WGozalhfQ3UwV3pWWG1objNLemNuQXdIeGNKUFR2R095anBiSzBCWklRZTZUN2huVkpTdVdKblVacXNOVG9sZklnREVWT0VBa25henR4QTdSVkNPRllRWllhRUdfbQ?oc=5\" target=\"_blank\" rel=\"nofollow noopener\">Ucr\u00e2nia aceita negociar plano de paz pr\u00f3-R\u00fassia de Trump<\/a>&nbsp;&nbsp;Folha de S.Paulo<\/li>\n<li><a href=\"https:\/\/news.google.com\/rss\/articles\/CBMivAFBVV95cUxQSkJvdG5HdkthNTMtRHlaT3lkRnFiVk9DN0N5eE5YNWZ1M0JhS0JNX3VUVWpBY1U0Zmc0elAycGFkYldKdjA0bHN4clFLS2lORUJVZjlKNFJVc3lJaTdkYm40UEdtUkMzcFlfSV9RUzRUbVROZXoyNHRnNms4SHlnazlQVWJoS1J0NlpyYl9FdGZqb1p2OWg0OTBvdHFkXzFYX1N5TkVteXEyckg2Y2Ywek9DUHhacjdIMXpqYg?oc=5\" target=\"_blank\" rel=\"nofollow noopener\">EUA criaram plano pr\u00f3-R\u00fassia para encerrar guerra com rendi\u00e7\u00e3o da Ucr\u00e2nia, dizem jornais<\/a>&nbsp;&nbsp;VEJA<\/li>\n<\/ol>\n","protected":false},"excerpt":{"rendered":"O plano \u201cinaceit\u00e1vel\u201d para a paz na Ucr\u00e2nia chegou: \u201cTrump baseia-se em avalia\u00e7\u00f5es vol\u00e1teis de quem acha que&hellip;\n","protected":false},"author":2,"featured_media":159401,"comment_status":"","ping_status":"","sticky":false,"template":"","format":"standard","meta":{"footnotes":""},"categories":[8],"tags":[27,28,15,16,14,25,26,21,22,12,13,19,20,32,23,24,33,17,18,29,30,31],"class_list":{"0":"post-159400","1":"post","2":"type-post","3":"status-publish","4":"format-standard","5":"has-post-thumbnail","7":"category-principais-noticias","8":"tag-breaking-news","9":"tag-breakingnews","10":"tag-featured-news","11":"tag-featurednews","12":"tag-headlines","13":"tag-latest-news","14":"tag-latestnews","15":"tag-main-news","16":"tag-mainnews","17":"tag-news","18":"tag-noticias","19":"tag-noticias-principais","20":"tag-noticiasprincipais","21":"tag-portugal","22":"tag-principais-noticias","23":"tag-principaisnoticias","24":"tag-pt","25":"tag-top-stories","26":"tag-topstories","27":"tag-ultimas","28":"tag-ultimas-noticias","29":"tag-ultimasnoticias"},"share_on_mastodon":{"url":"https:\/\/pubeurope.com\/@pt\/115584734700476146","error":""},"_links":{"self":[{"href":"https:\/\/www.europesays.com\/pt\/wp-json\/wp\/v2\/posts\/159400","targetHints":{"allow":["GET"]}}],"collection":[{"href":"https:\/\/www.europesays.com\/pt\/wp-json\/wp\/v2\/posts"}],"about":[{"href":"https:\/\/www.europesays.com\/pt\/wp-json\/wp\/v2\/types\/post"}],"author":[{"embeddable":true,"href":"https:\/\/www.europesays.com\/pt\/wp-json\/wp\/v2\/users\/2"}],"replies":[{"embeddable":true,"href":"https:\/\/www.europesays.com\/pt\/wp-json\/wp\/v2\/comments?post=159400"}],"version-history":[{"count":0,"href":"https:\/\/www.europesays.com\/pt\/wp-json\/wp\/v2\/posts\/159400\/revisions"}],"wp:featuredmedia":[{"embeddable":true,"href":"https:\/\/www.europesays.com\/pt\/wp-json\/wp\/v2\/media\/159401"}],"wp:attachment":[{"href":"https:\/\/www.europesays.com\/pt\/wp-json\/wp\/v2\/media?parent=159400"}],"wp:term":[{"taxonomy":"category","embeddable":true,"href":"https:\/\/www.europesays.com\/pt\/wp-json\/wp\/v2\/categories?post=159400"},{"taxonomy":"post_tag","embeddable":true,"href":"https:\/\/www.europesays.com\/pt\/wp-json\/wp\/v2\/tags?post=159400"}],"curies":[{"name":"wp","href":"https:\/\/api.w.org\/{rel}","templated":true}]}}