{"id":159414,"date":"2025-11-21T00:09:37","date_gmt":"2025-11-21T00:09:37","guid":{"rendered":"https:\/\/www.europesays.com\/pt\/159414\/"},"modified":"2025-11-21T00:09:37","modified_gmt":"2025-11-21T00:09:37","slug":"carro-de-tania-laranjo-envolvido-em-atropelamento-e-fuga","status":"publish","type":"post","link":"https:\/\/www.europesays.com\/pt\/159414\/","title":{"rendered":"Carro de T\u00e2nia Laranjo envolvido em atropelamento e fuga"},"content":{"rendered":"<p>A not\u00edcia foi avan\u00e7ada pelo pr\u00f3prio jornal &#8216;Correio da Manh\u00e3&#8217;, grupo de comunica\u00e7\u00e3o onde a jornalista trabalha: O carro que pertence a <strong>T\u00e2nia Laranjo<\/strong> &#8220;esteve envolvido num atropelamento e fuga&#8221; na \u00faltima sexta-feira, 14 de novembro, em Carcavelos.<\/p>\n<p>A referida publica\u00e7\u00e3o saleita que o ve\u00edculo &#8220;embateu num cidad\u00e3o nepal\u00eas&#8221;, no momento em que &#8220;atravessava uma passadeira&#8221;, e seguiu em frente. O auto de not\u00edcia da GNR de Alcabideche conta que o homem &#8220;foi socorrido&#8221; e dirigiu-se depois \u00e0 PSP e aos bombeiros de Carcavelos.<\/p>\n<p>Ainda assim, e segundo tamb\u00e9m a &#8216;TV 7 Dias&#8217;, o homem em quest\u00e3o n\u00e3o ter\u00e1 sido socorrido pela pessoa que conduzia o carro em quest\u00e3o, mas sim por uma outra pessoa que iria a passar na rua, no momento do acidente. Contudo, o nepal\u00eas ter\u00e1 referido, \u00e0 revista, que quem ia ao volante era &#8220;um homem&#8221;.<\/p>\n<p>J\u00e1 esta quarta-feira, 19, T\u00e2nia Laranjo recorreu \u00e0s redes sociais para deixar um esclarecimento sobre o acidente que envolveu o seu carro, clarificando que a pr\u00f3pria est\u00e1 fora do pa\u00eds, ao acompanhar a ida de <a href=\"https:\/\/famashow.pt\/pesquisa?q=cristiano+ronaldo\" target=\"_blank\" rel=\"noreferrer noopener nofollow\"><strong>Cristiano Ronaldo<\/strong><\/a> at\u00e9 aos Estados Unidos.<\/p>\n<p>&#8220;A prop\u00f3sito da not\u00edcia de que um carro que me pertence esteve envolvido num acidente: a minha primeira preocupa\u00e7\u00e3o foi em saber como estava a v\u00edtima que, ao que sei, felizmente est\u00e1 bem. Esclare\u00e7o desde j\u00e1 que n\u00e3o estava sequer no carro; que emprestei o carro a um familiar que n\u00e3o se apercebeu dos danos e que j\u00e1 se prontificou para prestar esclarecimentos nas autoridades&#8221;, salientou de in\u00edcio.<\/p>\n<p>Quanto \u00e0 filha, a jornalista tamb\u00e9m colocou os &#8216;pontos nos is&#8217;: &#8220;Esclare\u00e7o que a Francisca Laranjo tamb\u00e9m n\u00e3o estava no carro, como ali\u00e1s \u00e9 atestado pelas testemunhas do alegado acidente. Tentarei inteirar-me do ocorrido quando regressar a Portugal porque me encontro fora em trabalho&#8221;. l\u00ea-se.<\/p>\n","protected":false},"excerpt":{"rendered":"A not\u00edcia foi avan\u00e7ada pelo pr\u00f3prio jornal &#8216;Correio da Manh\u00e3&#8217;, grupo de comunica\u00e7\u00e3o onde a jornalista trabalha: O&hellip;\n","protected":false},"author":2,"featured_media":159415,"comment_status":"","ping_status":"","sticky":false,"template":"","format":"standard","meta":{"footnotes":""},"categories":[10],"tags":[27,28,15,16,14,25,26,21,22,12,13,19,20,32,23,24,33,17,18,29,30,31],"class_list":{"0":"post-159414","1":"post","2":"type-post","3":"status-publish","4":"format-standard","5":"has-post-thumbnail","7":"category-portugal","8":"tag-breaking-news","9":"tag-breakingnews","10":"tag-featured-news","11":"tag-featurednews","12":"tag-headlines","13":"tag-latest-news","14":"tag-latestnews","15":"tag-main-news","16":"tag-mainnews","17":"tag-news","18":"tag-noticias","19":"tag-noticias-principais","20":"tag-noticiasprincipais","21":"tag-portugal","22":"tag-principais-noticias","23":"tag-principaisnoticias","24":"tag-pt","25":"tag-top-stories","26":"tag-topstories","27":"tag-ultimas","28":"tag-ultimas-noticias","29":"tag-ultimasnoticias"},"share_on_mastodon":{"url":"https:\/\/pubeurope.com\/@pt\/115584785806280696","error":""},"_links":{"self":[{"href":"https:\/\/www.europesays.com\/pt\/wp-json\/wp\/v2\/posts\/159414","targetHints":{"allow":["GET"]}}],"collection":[{"href":"https:\/\/www.europesays.com\/pt\/wp-json\/wp\/v2\/posts"}],"about":[{"href":"https:\/\/www.europesays.com\/pt\/wp-json\/wp\/v2\/types\/post"}],"author":[{"embeddable":true,"href":"https:\/\/www.europesays.com\/pt\/wp-json\/wp\/v2\/users\/2"}],"replies":[{"embeddable":true,"href":"https:\/\/www.europesays.com\/pt\/wp-json\/wp\/v2\/comments?post=159414"}],"version-history":[{"count":0,"href":"https:\/\/www.europesays.com\/pt\/wp-json\/wp\/v2\/posts\/159414\/revisions"}],"wp:featuredmedia":[{"embeddable":true,"href":"https:\/\/www.europesays.com\/pt\/wp-json\/wp\/v2\/media\/159415"}],"wp:attachment":[{"href":"https:\/\/www.europesays.com\/pt\/wp-json\/wp\/v2\/media?parent=159414"}],"wp:term":[{"taxonomy":"category","embeddable":true,"href":"https:\/\/www.europesays.com\/pt\/wp-json\/wp\/v2\/categories?post=159414"},{"taxonomy":"post_tag","embeddable":true,"href":"https:\/\/www.europesays.com\/pt\/wp-json\/wp\/v2\/tags?post=159414"}],"curies":[{"name":"wp","href":"https:\/\/api.w.org\/{rel}","templated":true}]}}