{"id":159416,"date":"2025-11-21T00:10:14","date_gmt":"2025-11-21T00:10:14","guid":{"rendered":"https:\/\/www.europesays.com\/pt\/159416\/"},"modified":"2025-11-21T00:10:14","modified_gmt":"2025-11-21T00:10:14","slug":"sondagem-apresenta-marques-mendes-a-frente-e-seguro-em-queda-observador","status":"publish","type":"post","link":"https:\/\/www.europesays.com\/pt\/159416\/","title":{"rendered":"Sondagem apresenta Marques Mendes \u00e0 frente e Seguro em queda \u2013 Observador"},"content":{"rendered":"<p>Tal como j\u00e1 tinha <a href=\"https:\/\/observador.pt\/2025\/10\/30\/sondagem-pela-primeira-vez-gouveia-e-melo-nao-lidera-marques-mendes-a-frente-ventura-logo-atras\/\" rel=\"nofollow noopener\" target=\"_blank\">ocorrido<\/a> no bar\u00f3metro para o m\u00eas de outubro, a sondagem da Intercampus revelada esta quinta-feira continua a colocar Lu\u00eds Marques Mendes na dianteira na corrida \u00e0s Presidenciais de 2026 \u2014 colocando-o, inclusive, como favorito em todos os cen\u00e1rios que o incluam numa eventual segunda volta.<\/p>\n<p>Neste bar\u00f3metro \u2014 realizado para o Correio da Manh\u00e3, CMTV, Now e <a href=\"https:\/\/www.jornaldenegocios.pt\/economia\/politica\/eleicoes\/detalhe\/seguro-em-queda-surge-agora-atras-de-cotrim-de-figueiredo\" rel=\"nofollow noopener\" target=\"_blank\">Jornal de Neg\u00f3cios<\/a> \u2014 Marques Mendes sofre uma queda ligeira (de 16,6% para 16,4%) face a outubro, mas continua \u00e0 frente de Andr\u00e9 Ventura e Henrique Gouveia e Melo. O l\u00edder do Chega subiu de 15,8% para 15,9%, a mesma propor\u00e7\u00e3o pela qual caiu o ex-almirante, de 15,5% para 15,4%.<\/p>\n<p>Note-se que estes candidatos, como aponta a ficha t\u00e9cnica da sondagem, encontram-se em empate t\u00e9cnico, j\u00e1 que a margem de erro \u00e9 de 4%, e todos eles t\u00eam uma percentagem de inten\u00e7\u00f5es de voto inferior \u00e0 dos indecis\u00f5es, que cresceu para 20%.<\/p>\n<p>Menos equ\u00edvoca \u00e9 a ascens\u00e3o de Jo\u00e3o Cotrim de Figueiredo, de 8,4% para 11,5%, ultrapassando assim Ant\u00f3nio Jos\u00e9 Seguro, que cai de 12,3% para 11,1%. O ex-secret\u00e1rio geral do PS, por\u00e9m, n\u00e3o \u00e9 quem tem a maior queda, protagonizada por Catarina Martins. A antiga coordenadora do BE passa de 7,1% para 4,3%, s\u00f3 n\u00e3o se deixando passar por Ant\u00f3nio Filipe porque o antigo deputado da CDU tamb\u00e9m desceu, de 4,6% para 3,8%.<\/p>\n<p>De real\u00e7ar que as entrevistas para esta sondagem foram feitas entre 14 e 19 de novembro, ou seja, n\u00e3o s\u00f3 j\u00e1 coincidiram com os debates televisivos entre Seguro e Ventura e entre Marques Mendes e Ant\u00f3nio Filipe, como passam a encarar a candidatura de Jorge Pinto, com o concorrente apoiado pelo Livre a ter 1,6% das inten\u00e7\u00f5es de voto.<\/p>\n","protected":false},"excerpt":{"rendered":"Tal como j\u00e1 tinha ocorrido no bar\u00f3metro para o m\u00eas de outubro, a sondagem da Intercampus revelada esta&hellip;\n","protected":false},"author":2,"featured_media":159417,"comment_status":"","ping_status":"","sticky":false,"template":"","format":"standard","meta":{"footnotes":""},"categories":[8],"tags":[27,28,1077,15,16,14,25,26,21,22,12,13,19,20,302,32,1076,23,24,33,58,7585,17,18,29,30,31],"class_list":{"0":"post-159416","1":"post","2":"type-post","3":"status-publish","4":"format-standard","5":"has-post-thumbnail","7":"category-principais-noticias","8":"tag-breaking-news","9":"tag-breakingnews","10":"tag-eleiu00e7u00f5es","11":"tag-featured-news","12":"tag-featurednews","13":"tag-headlines","14":"tag-latest-news","15":"tag-latestnews","16":"tag-main-news","17":"tag-mainnews","18":"tag-news","19":"tag-noticias","20":"tag-noticias-principais","21":"tag-noticiasprincipais","22":"tag-polu00edtica","23":"tag-portugal","24":"tag-presidenciais-2026","25":"tag-principais-noticias","26":"tag-principaisnoticias","27":"tag-pt","28":"tag-sociedade","29":"tag-sondagens","30":"tag-top-stories","31":"tag-topstories","32":"tag-ultimas","33":"tag-ultimas-noticias","34":"tag-ultimasnoticias"},"share_on_mastodon":{"url":"https:\/\/pubeurope.com\/@pt\/115584789713247933","error":""},"_links":{"self":[{"href":"https:\/\/www.europesays.com\/pt\/wp-json\/wp\/v2\/posts\/159416","targetHints":{"allow":["GET"]}}],"collection":[{"href":"https:\/\/www.europesays.com\/pt\/wp-json\/wp\/v2\/posts"}],"about":[{"href":"https:\/\/www.europesays.com\/pt\/wp-json\/wp\/v2\/types\/post"}],"author":[{"embeddable":true,"href":"https:\/\/www.europesays.com\/pt\/wp-json\/wp\/v2\/users\/2"}],"replies":[{"embeddable":true,"href":"https:\/\/www.europesays.com\/pt\/wp-json\/wp\/v2\/comments?post=159416"}],"version-history":[{"count":0,"href":"https:\/\/www.europesays.com\/pt\/wp-json\/wp\/v2\/posts\/159416\/revisions"}],"wp:featuredmedia":[{"embeddable":true,"href":"https:\/\/www.europesays.com\/pt\/wp-json\/wp\/v2\/media\/159417"}],"wp:attachment":[{"href":"https:\/\/www.europesays.com\/pt\/wp-json\/wp\/v2\/media?parent=159416"}],"wp:term":[{"taxonomy":"category","embeddable":true,"href":"https:\/\/www.europesays.com\/pt\/wp-json\/wp\/v2\/categories?post=159416"},{"taxonomy":"post_tag","embeddable":true,"href":"https:\/\/www.europesays.com\/pt\/wp-json\/wp\/v2\/tags?post=159416"}],"curies":[{"name":"wp","href":"https:\/\/api.w.org\/{rel}","templated":true}]}}